{"id":1019,"date":"2020-07-06T08:53:38","date_gmt":"2020-07-06T08:53:38","guid":{"rendered":"https:\/\/www.armonizarteconfengshui.com\/?p=1019"},"modified":"2020-07-06T08:53:38","modified_gmt":"2020-07-06T08:53:38","slug":"el-bagua-i-els-olis-essencials-a-la-teva-llar-saviesa-i-coneixement","status":"publish","type":"post","link":"https:\/\/www.armonizarteconfengshui.com\/ca\/el-bagua-i-els-olis-essencials-a-la-teva-llar-saviesa-i-coneixement\/","title":{"rendered":"El Bagua i els Olis Essencials a la teva llar: Saviesa i Coneixement"},"content":{"rendered":"<div class=\"wpb-content-wrapper\"><p>[vc_row css_animation=&#8221;&#8221; row_type=&#8221;row&#8221; use_row_as_full_screen_section=&#8221;no&#8221; type=&#8221;full_width&#8221; angled_section=&#8221;no&#8221; text_align=&#8221;left&#8221; background_image_as_pattern=&#8221;without_pattern&#8221;][vc_column][vc_column_text]<\/p>\n<h2 align=\"center\"><em><strong><span style=\"color: #000000;\"><span style=\"font-family: Arial;\"><span style=\"font-size: medium;\">PORTA LA TEVA VIDA AL M\u00c0XIM NIVELL<\/span><\/span><\/span><\/strong><\/em><\/h2>\n<p align=\"justify\"><span style=\"color: #000000;\"><span style=\"font-family: Arial, sans-serif;\"><span style=\"font-size: medium;\">Aquest article \u00e9s el vuit\u00e8 d&#8217;una s\u00e8rie de 9 posts que s&#8217;inicien amb <\/span><\/span><\/span><span style=\"color: #c9211e;\"><span style=\"font-family: Arial, sans-serif;\"><span style=\"font-size: medium;\"><span style=\"color: #ff0000;\"><a style=\"color: #ff0000;\" href=\"https:\/\/www.armonizarteconfengshui.com\/el-bagua-y-los-aceites-esenciales-en-tu-hogar-introduccion\/\">El bagua i els olis essencials a la teva llar: introducci\u00f3<\/a><\/span>,<\/span><\/span><\/span> <span style=\"color: #000000;\"><span style=\"font-family: Arial, sans-serif;\"><span style=\"font-size: medium;\">el qual et recomano llegir perqu\u00e8 entenguis la meva intenci\u00f3 a <\/span><\/span><\/span><span style=\"color: #000000;\"><span style=\"font-family: Arial, sans-serif;\"><span style=\"font-size: medium;\">l\u2019hora d<\/span><\/span><\/span><span style=\"color: #000000;\"><span style=\"font-family: Arial, sans-serif;\"><span style=\"font-size: medium;\">&#8216;escriure aquest post i els altres de la mateixa s\u00e8rie. Aqu\u00ed <\/span><\/span><\/span><span style=\"color: #000000;\"><span style=\"font-family: Arial, sans-serif;\"><span style=\"font-size: medium;\">tractarem<\/span><\/span><\/span><span style=\"color: #000000;\"><span style=\"font-family: Arial, sans-serif;\"><span style=\"font-size: medium;\"> espec\u00edficament una de <\/span><\/span><\/span><span style=\"color: #000000;\"><span style=\"font-family: Arial, sans-serif;\"><span style=\"font-size: medium;\"><i><b>&#8220;les 8 aspiracions de l&#8217;\u00e9sser hum\u00e0&#8221;<\/b><\/i><\/span><\/span><\/span><span style=\"color: #000000;\"><span style=\"font-family: Arial, sans-serif;\"><span style=\"font-size: medium;\"> que ens presenta<\/span><\/span><\/span><span style=\"color: #000000;\"><span style=\"font-family: Arial, sans-serif;\"><span style=\"font-size: medium;\"><i><b> l&#8217;escola de<\/b><\/i><\/span><\/span><\/span><span style=\"color: #000000;\"><span style=\"font-family: Arial, sans-serif;\"><span style=\"font-size: medium;\"><i><b>l <\/b><\/i><\/span><\/span><\/span><span style=\"color: #000000;\"><span style=\"font-family: Arial, sans-serif;\"><span style=\"font-size: medium;\"><i><b>Bagua <\/b><\/i><\/span><\/span><\/span><span style=\"color: #000000;\"><span style=\"font-family: Arial, sans-serif;\"><span style=\"font-size: medium;\">de Feng Shui.<\/span><\/span><\/span><\/p>\n<p align=\"justify\"><span style=\"color: #000000;\"><span style=\"font-family: Arial, sans-serif;\"><span style=\"font-size: medium;\"><img loading=\"lazy\" decoding=\"async\" class=\" wp-image-839 alignleft\" src=\"https:\/\/www.armonizarteconfengshui.com\/wp-content\/uploads\/2020\/05\/Mapa-Bagua-300x300.jpg\" alt=\"\" width=\"255\" height=\"255\" srcset=\"https:\/\/www.armonizarteconfengshui.com\/wp-content\/uploads\/2020\/05\/Mapa-Bagua-300x300.jpg 300w, https:\/\/www.armonizarteconfengshui.com\/wp-content\/uploads\/2020\/05\/Mapa-Bagua-1024x1024.jpg 1024w, https:\/\/www.armonizarteconfengshui.com\/wp-content\/uploads\/2020\/05\/Mapa-Bagua-150x150.jpg 150w, https:\/\/www.armonizarteconfengshui.com\/wp-content\/uploads\/2020\/05\/Mapa-Bagua-768x768.jpg 768w, https:\/\/www.armonizarteconfengshui.com\/wp-content\/uploads\/2020\/05\/Mapa-Bagua-570x570.jpg 570w, https:\/\/www.armonizarteconfengshui.com\/wp-content\/uploads\/2020\/05\/Mapa-Bagua-500x500.jpg 500w, https:\/\/www.armonizarteconfengshui.com\/wp-content\/uploads\/2020\/05\/Mapa-Bagua-1000x1000.jpg 1000w, https:\/\/www.armonizarteconfengshui.com\/wp-content\/uploads\/2020\/05\/Mapa-Bagua-700x700.jpg 700w, https:\/\/www.armonizarteconfengshui.com\/wp-content\/uploads\/2020\/05\/Mapa-Bagua.jpg 1280w\" sizes=\"auto, (max-width: 255px) 100vw, 255px\" \/><\/span><\/span><\/span><\/p>\n<p align=\"justify\"><span style=\"font-family: Arial, sans-serif;\"><span style=\"color: #000000;\"><span style=\"font-size: medium;\">Recordem que <\/span><\/span><span style=\"color: #000000;\"><span style=\"font-size: medium;\"><i><b>l&#8217;escola del Bagua<\/b><\/i><\/span><\/span><span style=\"color: #000000;\"><span style=\"font-size: medium;\"> treballa amb l&#8217;aplicaci\u00f3 d&#8217;un sistema de parcel\u00b7laci\u00f3 de 8 sectors sobre l&#8217;espai a estudiar. En aquest cas tractarem l&#8217;aspiraci\u00f3 que es relaciona amb la<\/span><\/span><strong><span style=\"color: #000000;\"><span style=\"font-size: medium;\"> Saviesa i el Coneixement.<\/span><\/span><\/strong><\/span><\/p>\n<p align=\"justify\"><span style=\"color: #000000;\"><span style=\"font-family: Arial, sans-serif;\"><span style=\"font-size: medium;\">Aquest sector es relaciona amb tot all\u00f2 vinculat amb la intenci\u00f3 d&#8217;estudiar, documentar-se, adquirir nous coneixements. Encara que tamb\u00e9 es relaciona amb el fet de treballar en l&#8217;expressi\u00f3 dels nostres sentiments, un treball de coneixement interior, d&#8217;autoconeixement.<\/span><\/span><\/span><\/p>\n<p align=\"justify\"><span style=\"color: #000000;\"><span style=\"font-family: Arial, sans-serif;\"><span style=\"font-size: medium;\">Tingues en compte que cal tenir molt present la informaci\u00f3 que tinguis a casa (llibres, apunts, revistes &#8230;.) Ja que l&#8217;exc\u00e9s, en aquest cas, d&#8217;informaci\u00f3, t\u00e9 la capacitat de paralitzar-nos i no deixar-nos avan\u00e7ar.<\/span><\/span><\/span><\/p>\n<p align=\"justify\"><span style=\"color: #000000;\"><span style=\"font-family: Arial, sans-serif;\"><span style=\"font-size: medium;\">Aquesta aspiraci\u00f3 es troba situada a la zona <i><u><b>NordE<\/b><\/u><\/i><i><u><b>st<\/b><\/u><\/i> de la teva llar o del teu lloc de treball, i est\u00e0 representada per l&#8217;element <i><u><b>Terra.<\/b><\/u><\/i><\/span><\/span><\/span><\/p>\n<h3 align=\"justify\"><span style=\"color: #000000;\"><span style=\"font-family: Arial, sans-serif;\"><span style=\"font-size: medium;\"><u><b>DECORACI\u00d3<\/b><\/u><\/span><\/span><\/span><\/h3>\n<p align=\"justify\"><span style=\"color: #000000;\"><span style=\"font-family: Arial, sans-serif;\"><span style=\"font-size: medium;\">L&#8217;element Terra s&#8217;associa als <b>colors<\/b> grocs i terres, des del marr\u00f3 fins al beig; i a les <b>formes<\/b> quadrades, rectangulars, planes i horitzontals. Per aquest motiu t\u2019ofereixo a continuaci\u00f3 algunes recomanacions que et poden donar idees per decorar aquesta zona de casa teva.<\/span><\/span><\/span><\/p>\n<p align=\"justify\"><span style=\"color: #000000;\"><span style=\"font-family: Arial, sans-serif;\"><span style=\"font-size: medium;\"><img loading=\"lazy\" decoding=\"async\" class=\"size-medium wp-image-913 alignright\" src=\"https:\/\/www.armonizarteconfengshui.com\/wp-content\/uploads\/2020\/06\/Tierra-300x169.jpg\" alt=\"\" width=\"300\" height=\"169\" srcset=\"https:\/\/www.armonizarteconfengshui.com\/wp-content\/uploads\/2020\/06\/Tierra-300x169.jpg 300w, https:\/\/www.armonizarteconfengshui.com\/wp-content\/uploads\/2020\/06\/Tierra-1024x576.jpg 1024w, https:\/\/www.armonizarteconfengshui.com\/wp-content\/uploads\/2020\/06\/Tierra-768x432.jpg 768w, https:\/\/www.armonizarteconfengshui.com\/wp-content\/uploads\/2020\/06\/Tierra-700x394.jpg 700w, https:\/\/www.armonizarteconfengshui.com\/wp-content\/uploads\/2020\/06\/Tierra-539x303.jpg 539w, https:\/\/www.armonizarteconfengshui.com\/wp-content\/uploads\/2020\/06\/Tierra.jpg 1280w\" sizes=\"auto, (max-width: 300px) 100vw, 300px\" \/>-Pots posar objectes decoratius de terracota, estris de cer\u00e0mica&#8230;<\/span><\/span><\/span><\/p>\n<p align=\"justify\"><span style=\"color: #000000;\"><span style=\"font-family: Arial, sans-serif;\"><span style=\"font-size: medium;\">-Obres d&#8217;art on predomini la terra; sorra de platja, deserts, planes \u2026<\/span><\/span><\/span><\/p>\n<p align=\"justify\"><span style=\"color: #000000;\"><span style=\"font-family: Arial, sans-serif;\"><span style=\"font-size: medium;\">A part de l\u2019element terra co<\/span><\/span><\/span><span style=\"color: #000000;\"><span style=\"font-family: Arial, sans-serif;\"><span style=\"font-size: medium;\">l\u00b7<\/span><\/span><\/span><span style=\"color: #000000;\"><span style=\"font-family: Arial, sans-serif;\"><span style=\"font-size: medium;\">locaremos en <\/span><\/span><\/span><span style=\"color: #000000;\"><span style=\"font-family: Arial, sans-serif;\"><span style=\"font-size: medium;\">aques<\/span><\/span><\/span><span style=\"color: #000000;\"><span style=\"font-family: Arial, sans-serif;\"><span style=\"font-size: medium;\">ta zona obje<\/span><\/span><\/span><span style=\"color: #000000;\"><span style=\"font-family: Arial, sans-serif;\"><span style=\"font-size: medium;\">c<\/span><\/span><\/span><span style=\"color: #000000;\"><span style=\"font-family: Arial, sans-serif;\"><span style=\"font-size: medium;\">t<\/span><\/span><\/span><span style=\"color: #000000;\"><span style=\"font-family: Arial, sans-serif;\"><span style=\"font-size: medium;\">es<\/span><\/span><\/span><span style=\"color: #000000;\"><span style=\"font-family: Arial, sans-serif;\"><span style=\"font-size: medium;\"> decorati<\/span><\/span><\/span><span style=\"color: #000000;\"><span style=\"font-family: Arial, sans-serif;\"><span style=\"font-size: medium;\">u<\/span><\/span><\/span><span style=\"color: #000000;\"><span style=\"font-family: Arial, sans-serif;\"><span style=\"font-size: medium;\">s que potenci<\/span><\/span><\/span><span style=\"color: #000000;\"><span style=\"font-family: Arial, sans-serif;\"><span style=\"font-size: medium;\">i<\/span><\/span><\/span><span style=\"color: #000000;\"><span style=\"font-family: Arial, sans-serif;\"><span style=\"font-size: medium;\">n la <\/span><\/span><\/span><strong><span style=\"color: #000000;\"><span style=\"font-family: Arial, sans-serif;\"><span style=\"font-size: medium;\">Sa<\/span><\/span><\/span><\/strong><strong><span style=\"color: #000000;\"><span style=\"font-family: Arial, sans-serif;\"><span style=\"font-size: medium;\">viesa i<\/span><\/span><\/span><\/strong><strong><span style=\"color: #000000;\"><span style=\"font-family: Arial, sans-serif;\"><span style=\"font-size: medium;\"> el Con<\/span><\/span><\/span><\/strong><strong><span style=\"color: #000000;\"><span style=\"font-family: Arial, sans-serif;\"><span style=\"font-size: medium;\">eixement<\/span><\/span><\/span><\/strong><span style=\"color: #000000;\"><span style=\"font-family: Arial, sans-serif;\"><span style=\"font-size: medium;\">: <\/span><\/span><\/span><\/p>\n<p align=\"justify\"><span style=\"font-family: Arial, sans-serif;\"><span style=\"color: #000000;\"><span style=\"font-size: medium;\">-\u00c9s la zona perfecta per posar la biblioteca de casa, si \u00e9s que <\/span><\/span><span style=\"color: #000000;\"><span style=\"font-size: medium;\">se\u2019n<\/span><\/span><span style=\"color: #000000;\"><span style=\"font-size: medium;\"> t\u00e9, o tot all\u00f2 que sigui font de saviesa per a cada un.<\/span><\/span><\/span><\/p>\n<p align=\"justify\"><span style=\"font-family: Arial, sans-serif;\"><span style=\"color: #000000;\"><span style=\"font-size: medium;\">-Una bona opci\u00f3 \u00e9s col\u00b7locar frases inspiradores i motivadores de persones que admires i siguin per a tu una font de saviesa.<\/span><\/span><\/span><\/p>\n<p align=\"justify\"><span style=\"color: #000000;\"><span style=\"font-family: Arial, sans-serif;\"><span style=\"font-size: medium;\">Primer de tot recorda que l&#8217;equilibri \u00e9s fonamental en tots els aspectes de la vida, i per tant en el Feng Shui tamb\u00e9. Procura no sobrecarregar la decoraci\u00f3. Com hem dit en altres ocasions &#8220;Menys \u00e9s M\u00e9s&#8221;. <\/span><\/span><\/span><\/p>\n<p align=\"justify\"><span style=\"color: #000000;\"><span style=\"font-size: medium;\"><u><b>OLI<\/b><\/u><\/span><\/span><span style=\"color: #000000;\"><span style=\"font-size: medium;\"><u><b> ES<\/b><\/u><\/span><\/span><span style=\"color: #000000;\"><span style=\"font-size: medium;\"><u><b>S<\/b><\/u><\/span><\/span><span style=\"color: #000000;\"><span style=\"font-size: medium;\"><u><b>ENCIAL:<\/b><\/u><\/span><\/span><span style=\"color: #000000;\"><span style=\"font-size: medium;\"><b> \u201c<\/b><\/span><\/span><span style=\"color: #000000;\"><span style=\"font-size: medium;\"><i><u><b>Clarity<\/b><\/u><\/i><\/span><\/span><span style=\"color: #000000;\"><span style=\"font-size: medium;\"><i><b>\u201d<\/b><\/i><\/span><\/span><\/p>\n<p align=\"justify\"><span style=\"color: #000000;\"><span style=\"font-family: Arial, sans-serif;\"><span style=\"font-size: medium;\">Com deia en l&#8217;article <\/span><\/span><\/span><span style=\"color: #ff0000;\"><a style=\"color: #ff0000;\" href=\"https:\/\/www.armonizarteconfengshui.com\/el-bagua-y-los-aceites-esenciales-en-tu-hogar-introduccion\/\"><span style=\"font-family: Arial, sans-serif;\"><span style=\"font-size: medium;\">El bagua i els olis essencials a la teva llar: introducci\u00f3<\/span><\/span><\/a><\/span><span style=\"color: #000000;\"><span style=\"font-family: Arial, sans-serif;\"><span style=\"font-size: medium;\"><span style=\"color: #ff0000;\">,<\/span> a part de recomanacions en la decoraci\u00f3 <\/span><\/span><\/span><span style=\"color: #000000;\"><span style=\"font-family: Arial, sans-serif;\"><span style=\"font-size: medium;\">vull<\/span><\/span><\/span><span style=\"color: #000000;\"><span style=\"font-family: Arial, sans-serif;\"><span style=\"font-size: medium;\"> oferir-te un plus per a l&#8217;activaci\u00f3 d&#8217;aquesta \u00e0rea de la teva vida. I ho far\u00e9 a trav\u00e9s de la recomanaci\u00f3 d&#8217;un <\/span><\/span><\/span><span style=\"color: #ff0000;\"><span style=\"font-family: Arial, sans-serif;\"><span style=\"font-size: medium;\"><a style=\"color: #ff0000;\" href=\"https:\/\/www.youngliving.com\/es_ES\/discover\">Oli Essencial<\/a>. <\/span><\/span><\/span><span style=\"color: #000000;\"><span style=\"font-family: Arial, sans-serif;\"><span style=\"font-size: medium;\">I \u00e9s que la feina que fem amb ells ens aporta una quantitat de beneficis impressionants. Si triem l&#8217;oli adequat i l&#8217;acompanyem d&#8217;una intencionalitat concreta els resultats obtinguts poden superar qualsevol expectativa.<\/span><\/span><\/span><\/p>\n<p align=\"justify\"><span style=\"color: #000000;\"><span style=\"font-family: Arial, sans-serif;\"><span style=\"font-size: medium;\">La qualitat de l&#8217;Oli Essencial \u00e9s primordial per obtenir m<\/span><\/span><\/span><span style=\"color: #000000;\"><span style=\"font-family: Arial, sans-serif;\"><span style=\"font-size: medium;\">illor<\/span><\/span><\/span><span style=\"color: #000000;\"><span style=\"font-family: Arial, sans-serif;\"><span style=\"font-size: medium;\">s resultats, per aix\u00f2, tenint en compte la meva experi\u00e8ncia personal, et recomano els que t&#8217;ofereix <span style=\"color: #ff0000;\"><a style=\"color: #ff0000;\" href=\"https:\/\/www.youngliving.com\/es_ES\/company\/about\">Young Living<\/a>.<\/span> La puresa d&#8217;aquests olis generen una vibraci\u00f3 preciosa per treballar diferents aspectes i experimentar els beneficis que porten a la teva vida.<\/span><\/span><\/span><\/p>\n<p align=\"justify\"><span style=\"color: #000000;\"><span style=\"font-family: Arial, sans-serif;\"><span style=\"font-size: medium;\"><span lang=\"zxx\"><img loading=\"lazy\" decoding=\"async\" class=\"size-medium wp-image-833 alignleft\" src=\"https:\/\/www.armonizarteconfengshui.com\/wp-content\/uploads\/2020\/05\/Amor-Infinito-300x169.jpg\" alt=\"\" width=\"300\" height=\"169\" srcset=\"https:\/\/www.armonizarteconfengshui.com\/wp-content\/uploads\/2020\/05\/Amor-Infinito-300x169.jpg 300w, https:\/\/www.armonizarteconfengshui.com\/wp-content\/uploads\/2020\/05\/Amor-Infinito-1024x576.jpg 1024w, https:\/\/www.armonizarteconfengshui.com\/wp-content\/uploads\/2020\/05\/Amor-Infinito-768x432.jpg 768w, https:\/\/www.armonizarteconfengshui.com\/wp-content\/uploads\/2020\/05\/Amor-Infinito-700x394.jpg 700w, https:\/\/www.armonizarteconfengshui.com\/wp-content\/uploads\/2020\/05\/Amor-Infinito-539x303.jpg 539w, https:\/\/www.armonizarteconfengshui.com\/wp-content\/uploads\/2020\/05\/Amor-Infinito.jpg 1280w\" sizes=\"auto, (max-width: 300px) 100vw, 300px\" \/><\/span><\/span><\/span><\/span><\/p>\n<p align=\"justify\"><span style=\"color: #000000;\"><span style=\"font-family: Arial, sans-serif;\"><span style=\"font-size: medium;\">Acompanyar\u00a0<\/span><\/span><\/span><span style=\"color: #000000;\"><span style=\"font-family: Arial, sans-serif;\"><span style=\"font-size: medium;\">aquest treball de potenciar la <\/span><\/span><\/span><span style=\"color: #000000;\"><span style=\"font-family: Arial, sans-serif;\"><span style=\"font-size: medium;\">Saviesa i el Coneixement<\/span><\/span><\/span><span style=\"color: #000000;\"><span style=\"font-family: Arial, sans-serif;\"><span style=\"font-size: medium;\">,<\/span><\/span><\/span><span style=\"color: #000000;\"><span style=\"font-family: Arial, sans-serif;\"><span style=\"font-size: medium;\"> amb\u00a0<\/span><\/span><\/span><span style=\"color: #000000;\"><span style=\"font-family: Arial, sans-serif;\"><span style=\"font-size: medium;\">un Creixement Personal \u00e9s per a mi <\/span><\/span><\/span><span style=\"color: #000000;\"><span style=\"font-family: Arial, sans-serif;\"><span style=\"font-size: medium;\">quelcom<\/span><\/span><\/span><span style=\"color: #000000;\"><span style=\"font-family: Arial, sans-serif;\"><span style=\"font-size: medium;\"> inevitable, no hi ha l&#8217;un sense l&#8217;altre. Per aquest motiu, el treball amb els Olis Essencials va acompanyat d&#8217;una infinitat de recursos, cortesia de les bell\u00edssimes persones que formen p<\/span><\/span><\/span><span style=\"color: #000000;\"><span style=\"font-family: Arial, sans-serif;\"><span style=\"font-size: medium;\">art de l&#8217;equip d&#8217;<\/span><\/span><\/span><span style=\"color: #000000;\"><span style=\"font-family: Arial, sans-serif;\"><span style=\"font-size: medium;\"><b>Amor Infinit<\/b><\/span><\/span><\/span><span style=\"color: #000000;\"><span style=\"font-family: Arial, sans-serif;\"><span style=\"font-size: medium;\"><b>o<\/b><\/span><\/span><\/span><span style=\"color: #000000;\"><span style=\"font-family: Arial, sans-serif;\"><span style=\"font-size: medium;\">, amb <span style=\"color: #ff0000;\"><a style=\"color: #ff0000;\" href=\"https:\/\/isabellamagdala.com\/\">Isabella Magdala<\/a> <\/span>al <\/span><\/span><\/span><span style=\"color: #000000;\"><span style=\"font-family: Arial, sans-serif;\"><span style=\"font-size: medium;\">capdavant<\/span><\/span><\/span><span style=\"color: #000000;\"><span style=\"font-family: Arial, sans-serif;\"><span style=\"font-size: medium;\">.<\/span><\/span><\/span><\/p>\n<p align=\"justify\"><span style=\"color: #000000;\"><span style=\"font-family: Arial, sans-serif;\"><span style=\"font-size: medium;\">Et convido a participar d&#8217;aquesta experi\u00e8ncia que generar\u00e0 un abans i un despr\u00e9s en tu, sempre compartint des del cor. Si sents que <\/span><\/span><\/span><span style=\"color: #000000;\"><span style=\"font-family: Arial, sans-serif;\"><span style=\"font-size: medium;\">aix\u00f2 que<\/span><\/span><\/span><span style=\"color: #000000;\"><span style=\"font-family: Arial, sans-serif;\"><span style=\"font-size: medium;\"> t&#8217;explico vibra amb tu, <\/span><\/span><\/span><span style=\"color: #ff0000;\"><span style=\"font-family: Arial, sans-serif;\"><span style=\"font-size: medium;\"><a style=\"color: #ff0000;\" href=\"https:\/\/www.youngliving.com\/vo\/#\/signup\/new-start?sponsorid=23459924&amp;enrollerid=23459924&amp;isocountrycode=ES&amp;culture=es-ES&amp;type=member\">et veig a dins!<\/a>\u00a0<\/span><\/span><\/span><\/p>\n<p align=\"justify\"><span style=\"color: #000000;\"><span style=\"font-family: Arial, sans-serif;\"><span style=\"font-size: medium;\">Et convido avui a experimentar amb <b><i><u>Clarity<\/u><\/i><\/b>, una preciosa sinergia que promou una ment clara i l&#8217;amplificaci\u00f3 de l&#8217;agilitat mental i la vitalitat. Pot\u00e8ncia l&#8217;estat d&#8217;alerta, l&#8217;agudesa mental i la capacitat de memoritzaci\u00f3. A m\u00e9s augmenta l&#8217;energia quan s&#8217;est\u00e0 molt cansat i aporta una major atenci\u00f3 a l&#8217;esperit i la ment.<\/span><\/span><\/span><\/p>\n<p align=\"justify\"><span style=\"color: #000000;\"><span style=\"font-family: Arial, sans-serif;\"><span style=\"font-size: medium;\">Entre d&#8217;altres, <b><i><u>Clarity<\/u><\/i><\/b> cont\u00e9 els olis essencials de:<\/span><\/span><\/span><\/p>\n<p align=\"justify\"><span style=\"color: #000000;\"><span style=\"font-family: Arial, sans-serif;\"><span style=\"font-size: medium;\"><b><img loading=\"lazy\" decoding=\"async\" class=\"size-medium wp-image-1022 alignright\" src=\"https:\/\/www.armonizarteconfengshui.com\/wp-content\/uploads\/2020\/07\/Sabidur\u00eda-y-Conocimient-Clarity-300x169.jpg\" alt=\"\" width=\"300\" height=\"169\" srcset=\"https:\/\/www.armonizarteconfengshui.com\/wp-content\/uploads\/2020\/07\/Sabidur\u00eda-y-Conocimient-Clarity-300x169.jpg 300w, https:\/\/www.armonizarteconfengshui.com\/wp-content\/uploads\/2020\/07\/Sabidur\u00eda-y-Conocimient-Clarity-1024x576.jpg 1024w, https:\/\/www.armonizarteconfengshui.com\/wp-content\/uploads\/2020\/07\/Sabidur\u00eda-y-Conocimient-Clarity-768x432.jpg 768w, https:\/\/www.armonizarteconfengshui.com\/wp-content\/uploads\/2020\/07\/Sabidur\u00eda-y-Conocimient-Clarity-700x394.jpg 700w, https:\/\/www.armonizarteconfengshui.com\/wp-content\/uploads\/2020\/07\/Sabidur\u00eda-y-Conocimient-Clarity-539x303.jpg 539w, https:\/\/www.armonizarteconfengshui.com\/wp-content\/uploads\/2020\/07\/Sabidur\u00eda-y-Conocimient-Clarity.jpg 1280w\" sizes=\"auto, (max-width: 300px) 100vw, 300px\" \/>&#8211;<em>Alf\u00e0brega<\/em><\/b><\/span><\/span><\/span><span style=\"color: #000000;\"><span style=\"font-family: Arial, sans-serif;\"><span style=\"font-size: medium;\"> \u00e9s benefici\u00f3s per alleujar la fatiga mental. Pot ajudar a aguditzar els sentits i la concentraci\u00f3. Pot estimular els nervis i el c\u00f2rtex adrenal.<\/span><\/span><\/span><\/p>\n<p align=\"justify\"><span style=\"color: #000000;\"><span style=\"font-family: Arial, sans-serif;\"><span style=\"font-size: medium;\"><b>&#8211;<em>Cardamom<\/em><\/b><\/span><\/span><\/span><span style=\"color: #000000;\"><span style=\"font-family: Arial, sans-serif;\"><span style=\"font-size: medium;\"> eleva l&#8217;\u00e0nim, \u00e9s estimulant i vigoritzant. Pot ser molt benefici\u00f3s per a aclarir la confusi\u00f3.<\/span><\/span><\/span><\/p>\n<p align=\"justify\"><span style=\"color: #000000;\"><span style=\"font-family: Arial, sans-serif;\"><span style=\"font-size: medium;\"><b>&#8211;<em>Menta<\/em><\/b><\/span><\/span><\/span><span style=\"color: #000000;\"><span style=\"font-family: Arial, sans-serif;\"><span style=\"font-size: medium;\"> estimula la ment, la consci\u00e8ncia i el sentit d&#8217;alerta.<\/span><\/span><\/span><\/p>\n<p align=\"justify\"><span style=\"color: #000000;\"><span style=\"font-family: Arial, sans-serif;\"><span style=\"font-size: medium;\"><b>&#8211;<em>Gessam\u00ed<\/em><\/b><\/span><\/span><\/span><span style=\"color: #000000;\"><span style=\"font-family: Arial, sans-serif;\"><span style=\"font-size: medium;\"> estimula la ment i millora la concentraci\u00f3.<\/span><\/span><\/span><\/p>\n<p align=\"justify\"><span style=\"color: #000000;\"><span style=\"font-family: Arial, sans-serif;\"><span style=\"font-size: medium;\"><b>&#8211;<em>Palmarosa<\/em><\/b><\/span><\/span><\/span><span style=\"color: #000000;\"><span style=\"font-family: Arial, sans-serif;\"><span style=\"font-size: medium;\"> \u00e9s estimulant i revitalitzant, i millora el sistema nervi\u00f3s i el cardiovascular.<\/span><\/span><\/span><\/p>\n<p align=\"justify\"><span style=\"color: #000000;\"><span style=\"font-family: Arial, sans-serif;\"><span style=\"font-size: medium;\">Po<\/span><\/span><\/span><span style=\"color: #000000;\"><span style=\"font-family: Arial, sans-serif;\"><span style=\"font-size: medium;\">ts<\/span><\/span><\/span><span style=\"color: #000000;\"><span style=\"font-family: Arial, sans-serif;\"><span style=\"font-size: medium;\"> fer servir <\/span><\/span><\/span><span style=\"color: #000000;\"><span style=\"font-family: Arial, sans-serif;\"><span style=\"font-size: medium;\"><i><u><b>Clarity<\/b><\/u><\/i><\/span><\/span><\/span><span style=\"color: #000000;\"><span style=\"font-family: Arial, sans-serif;\"><span style=\"font-size: medium;\"> de diferents formes:<\/span><\/span><\/span><\/p>\n<p align=\"justify\"><span style=\"color: #000000;\"><span style=\"font-family: Arial, sans-serif;\"><span style=\"font-size: medium;\">-A trav\u00e9s del <\/span><\/span><\/span><a href=\"https:\/\/www.youngliving.com\/es_ES\/products\/c\/hogar\/difusores-y-utensilios\"><span style=\"color: #ff3333;\"><span style=\"font-family: Arial, sans-serif;\"><span style=\"font-size: medium;\">difusor<\/span><\/span><\/span><\/a> <span style=\"color: #000000;\"><span style=\"font-family: Arial, sans-serif;\"><span style=\"font-size: medium;\">o inhalant directament de l\u2019ampolla.<\/span><\/span><\/span><\/p>\n<p align=\"justify\"><span style=\"color: #000000;\"><span style=\"font-family: Arial, sans-serif;\"><span style=\"font-size: medium;\">-Amb un massatge dilu\u00eft en un <a href=\"https:\/\/www.youngliving.com\/es_ES\/products\/young-living-v-6-enhanced-vegetable-oil-refill\"><span style=\"color: #ff3333;\">oli vegetal portador<\/span><\/a><\/span><\/span><\/span><\/p>\n<p align=\"justify\"><span style=\"color: #000000;\"><span style=\"font-family: Arial, sans-serif;\"><span style=\"font-size: medium;\">-Aplicar directament (1-2 gotes) sobre el <\/span><\/span><\/span><span style=\"color: #000000;\"><span style=\"font-family: Arial, sans-serif;\"><span style=\"font-size: medium;\">punt desitjat:<\/span><\/span><\/span><span style=\"color: #000000;\"><span style=\"font-family: Arial, sans-serif;\"><span style=\"font-size: medium;\"> coll, front, canells, <\/span><\/span><\/span><span style=\"color: #000000;\"><span style=\"font-family: Arial, sans-serif;\"><span style=\"font-size: medium;\">darrere de les orelles&#8230;<\/span><\/span><\/span><\/p>\n<h4 style=\"text-align: center;\" align=\"justify\"><em><span style=\"color: #000000;\"><span style=\"font-family: Arial, sans-serif;\"><span style=\"font-size: medium;\"><span lang=\"zxx\">I<\/span><span lang=\"zxx\"> finalitzem aquest cicle, la <\/span><span lang=\"zxx\">se<\/span><span lang=\"zxx\">t<\/span><span lang=\"zxx\">mana <\/span><span lang=\"zxx\">vinent, <\/span><span lang=\"zxx\">amb<\/span> <span lang=\"zxx\">&#8230;. Fama!<\/span><\/span><\/span><\/span><\/em><\/h4>\n<p style=\"text-align: right;\"><strong><b>Amb tot el meu amo<\/b>r \u2665&#8230; <\/strong><strong>Sarah Balat<\/strong><\/p>\n<p>&nbsp;<\/p>\n<p>[\/vc_column_text][\/vc_column][\/vc_row]<\/p>\n<\/div>","protected":false},"excerpt":{"rendered":"<p>Aquest sector es relaciona amb tot all\u00f2 vinculat amb la intenci\u00f3 d&#8217;estudiar, documentar-se, adquirir nous coneixements. Encara que tamb\u00e9 es relaciona amb el fet de treballar en l&#8217;expressi\u00f3 dels nostres sentiments, un treball de coneixement interior, d&#8217;autoconeixement.<\/p>\n","protected":false},"author":2,"featured_media":1024,"comment_status":"open","ping_status":"open","sticky":false,"template":"","format":"standard","meta":{"footnotes":""},"categories":[28],"tags":[],"class_list":["post-1019","post","type-post","status-publish","format-standard","has-post-thumbnail","hentry","category-bagua-i-olis-essencials"],"yoast_head":"<!-- This site is optimized with the Yoast SEO plugin v27.4 - https:\/\/yoast.com\/product\/yoast-seo-wordpress\/ -->\n<title>El Bagua i els Olis Essencials a la teva llar: Saviesa i Coneixement - Armonizarte con Feng Shui, by Sarah Balat<\/title>\n<meta name=\"description\" content=\"Aquest sector es relaciona amb tot all\u00f2 vinculat amb la intenci\u00f3 d&#039;estudiar, documentar-se, adquirir nous coneixements. Encara que tamb\u00e9 es relaciona amb el fet de treballar en l&#039;expressi\u00f3 dels nostres sentiments, un treball de coneixement interior, d&#039;autoconeixement.\" \/>\n<meta name=\"robots\" content=\"index, follow, max-snippet:-1, max-image-preview:large, max-video-preview:-1\" \/>\n<link rel=\"canonical\" href=\"https:\/\/www.armonizarteconfengshui.com\/ca\/el-bagua-i-els-olis-essencials-a-la-teva-llar-saviesa-i-coneixement\/\" \/>\n<meta property=\"og:locale\" content=\"ca_ES\" \/>\n<meta property=\"og:type\" content=\"article\" \/>\n<meta property=\"og:title\" content=\"El Bagua i els Olis Essencials a la teva llar: Saviesa i Coneixement - Armonizarte con Feng Shui, by Sarah Balat\" \/>\n<meta property=\"og:description\" content=\"Aquest sector es relaciona amb tot all\u00f2 vinculat amb la intenci\u00f3 d&#039;estudiar, documentar-se, adquirir nous coneixements. Encara que tamb\u00e9 es relaciona amb el fet de treballar en l&#039;expressi\u00f3 dels nostres sentiments, un treball de coneixement interior, d&#039;autoconeixement.\" \/>\n<meta property=\"og:url\" content=\"https:\/\/www.armonizarteconfengshui.com\/ca\/el-bagua-i-els-olis-essencials-a-la-teva-llar-saviesa-i-coneixement\/\" \/>\n<meta property=\"og:site_name\" content=\"Armonizarte con Feng Shui, by Sarah Balat\" \/>\n<meta property=\"article:publisher\" content=\"https:\/\/www.facebook.com\/armonizarteconfengshui\/\" \/>\n<meta property=\"article:published_time\" content=\"2020-07-06T08:53:38+00:00\" \/>\n<meta property=\"og:image\" content=\"https:\/\/www.armonizarteconfengshui.com\/wp-content\/uploads\/2020\/07\/Sabiduria-y-Conocimiento.jpg\" \/>\n\t<meta property=\"og:image:width\" content=\"1920\" \/>\n\t<meta property=\"og:image:height\" content=\"1280\" \/>\n\t<meta property=\"og:image:type\" content=\"image\/jpeg\" \/>\n<meta name=\"author\" content=\"Sarah Balat Mendoza\" \/>\n<meta name=\"twitter:card\" content=\"summary_large_image\" \/>\n<meta name=\"twitter:label1\" content=\"Escrit per\" \/>\n\t<meta name=\"twitter:data1\" content=\"Sarah Balat Mendoza\" \/>\n\t<meta name=\"twitter:label2\" content=\"Temps estimat de lectura\" \/>\n\t<meta name=\"twitter:data2\" content=\"4 minuts\" \/>\n<script type=\"application\/ld+json\" class=\"yoast-schema-graph\">{\"@context\":\"https:\\\/\\\/schema.org\",\"@graph\":[{\"@type\":\"Article\",\"@id\":\"https:\\\/\\\/www.armonizarteconfengshui.com\\\/ca\\\/el-bagua-i-els-olis-essencials-a-la-teva-llar-saviesa-i-coneixement\\\/#article\",\"isPartOf\":{\"@id\":\"https:\\\/\\\/www.armonizarteconfengshui.com\\\/ca\\\/el-bagua-i-els-olis-essencials-a-la-teva-llar-saviesa-i-coneixement\\\/\"},\"author\":{\"name\":\"Sarah Balat Mendoza\",\"@id\":\"https:\\\/\\\/www.armonizarteconfengshui.com\\\/ca\\\/#\\\/schema\\\/person\\\/c584b8755f8973645ae42ddadce3e20d\"},\"headline\":\"El Bagua i els Olis Essencials a la teva llar: Saviesa i Coneixement\",\"datePublished\":\"2020-07-06T08:53:38+00:00\",\"mainEntityOfPage\":{\"@id\":\"https:\\\/\\\/www.armonizarteconfengshui.com\\\/ca\\\/el-bagua-i-els-olis-essencials-a-la-teva-llar-saviesa-i-coneixement\\\/\"},\"wordCount\":931,\"commentCount\":0,\"image\":{\"@id\":\"https:\\\/\\\/www.armonizarteconfengshui.com\\\/ca\\\/el-bagua-i-els-olis-essencials-a-la-teva-llar-saviesa-i-coneixement\\\/#primaryimage\"},\"thumbnailUrl\":\"https:\\\/\\\/www.armonizarteconfengshui.com\\\/wp-content\\\/uploads\\\/2020\\\/07\\\/Sabiduria-y-Conocimiento.jpg\",\"articleSection\":[\"Bagua i Olis Essencials\"],\"inLanguage\":\"ca\",\"potentialAction\":[{\"@type\":\"CommentAction\",\"name\":\"Comment\",\"target\":[\"https:\\\/\\\/www.armonizarteconfengshui.com\\\/ca\\\/el-bagua-i-els-olis-essencials-a-la-teva-llar-saviesa-i-coneixement\\\/#respond\"]}]},{\"@type\":\"WebPage\",\"@id\":\"https:\\\/\\\/www.armonizarteconfengshui.com\\\/ca\\\/el-bagua-i-els-olis-essencials-a-la-teva-llar-saviesa-i-coneixement\\\/\",\"url\":\"https:\\\/\\\/www.armonizarteconfengshui.com\\\/ca\\\/el-bagua-i-els-olis-essencials-a-la-teva-llar-saviesa-i-coneixement\\\/\",\"name\":\"El Bagua i els Olis Essencials a la teva llar: Saviesa i Coneixement - Armonizarte con Feng Shui, by Sarah Balat\",\"isPartOf\":{\"@id\":\"https:\\\/\\\/www.armonizarteconfengshui.com\\\/ca\\\/#website\"},\"primaryImageOfPage\":{\"@id\":\"https:\\\/\\\/www.armonizarteconfengshui.com\\\/ca\\\/el-bagua-i-els-olis-essencials-a-la-teva-llar-saviesa-i-coneixement\\\/#primaryimage\"},\"image\":{\"@id\":\"https:\\\/\\\/www.armonizarteconfengshui.com\\\/ca\\\/el-bagua-i-els-olis-essencials-a-la-teva-llar-saviesa-i-coneixement\\\/#primaryimage\"},\"thumbnailUrl\":\"https:\\\/\\\/www.armonizarteconfengshui.com\\\/wp-content\\\/uploads\\\/2020\\\/07\\\/Sabiduria-y-Conocimiento.jpg\",\"datePublished\":\"2020-07-06T08:53:38+00:00\",\"author\":{\"@id\":\"https:\\\/\\\/www.armonizarteconfengshui.com\\\/ca\\\/#\\\/schema\\\/person\\\/c584b8755f8973645ae42ddadce3e20d\"},\"description\":\"Aquest sector es relaciona amb tot all\u00f2 vinculat amb la intenci\u00f3 d'estudiar, documentar-se, adquirir nous coneixements. Encara que tamb\u00e9 es relaciona amb el fet de treballar en l'expressi\u00f3 dels nostres sentiments, un treball de coneixement interior, d'autoconeixement.\",\"breadcrumb\":{\"@id\":\"https:\\\/\\\/www.armonizarteconfengshui.com\\\/ca\\\/el-bagua-i-els-olis-essencials-a-la-teva-llar-saviesa-i-coneixement\\\/#breadcrumb\"},\"inLanguage\":\"ca\",\"potentialAction\":[{\"@type\":\"ReadAction\",\"target\":[\"https:\\\/\\\/www.armonizarteconfengshui.com\\\/ca\\\/el-bagua-i-els-olis-essencials-a-la-teva-llar-saviesa-i-coneixement\\\/\"]}]},{\"@type\":\"ImageObject\",\"inLanguage\":\"ca\",\"@id\":\"https:\\\/\\\/www.armonizarteconfengshui.com\\\/ca\\\/el-bagua-i-els-olis-essencials-a-la-teva-llar-saviesa-i-coneixement\\\/#primaryimage\",\"url\":\"https:\\\/\\\/www.armonizarteconfengshui.com\\\/wp-content\\\/uploads\\\/2020\\\/07\\\/Sabiduria-y-Conocimiento.jpg\",\"contentUrl\":\"https:\\\/\\\/www.armonizarteconfengshui.com\\\/wp-content\\\/uploads\\\/2020\\\/07\\\/Sabiduria-y-Conocimiento.jpg\",\"width\":1920,\"height\":1280},{\"@type\":\"BreadcrumbList\",\"@id\":\"https:\\\/\\\/www.armonizarteconfengshui.com\\\/ca\\\/el-bagua-i-els-olis-essencials-a-la-teva-llar-saviesa-i-coneixement\\\/#breadcrumb\",\"itemListElement\":[{\"@type\":\"ListItem\",\"position\":1,\"name\":\"Portada\",\"item\":\"https:\\\/\\\/www.armonizarteconfengshui.com\\\/ca\\\/\"},{\"@type\":\"ListItem\",\"position\":2,\"name\":\"El Bagua i els Olis Essencials a la teva llar: Saviesa i Coneixement\"}]},{\"@type\":\"WebSite\",\"@id\":\"https:\\\/\\\/www.armonizarteconfengshui.com\\\/ca\\\/#website\",\"url\":\"https:\\\/\\\/www.armonizarteconfengshui.com\\\/ca\\\/\",\"name\":\"Armonizarte con Feng Shui, by Sarah Balat\",\"description\":\"Armoniza tu vida, armonizando tu espacio\",\"potentialAction\":[{\"@type\":\"SearchAction\",\"target\":{\"@type\":\"EntryPoint\",\"urlTemplate\":\"https:\\\/\\\/www.armonizarteconfengshui.com\\\/ca\\\/?s={search_term_string}\"},\"query-input\":{\"@type\":\"PropertyValueSpecification\",\"valueRequired\":true,\"valueName\":\"search_term_string\"}}],\"inLanguage\":\"ca\"},{\"@type\":\"Person\",\"@id\":\"https:\\\/\\\/www.armonizarteconfengshui.com\\\/ca\\\/#\\\/schema\\\/person\\\/c584b8755f8973645ae42ddadce3e20d\",\"name\":\"Sarah Balat Mendoza\",\"image\":{\"@type\":\"ImageObject\",\"inLanguage\":\"ca\",\"@id\":\"https:\\\/\\\/secure.gravatar.com\\\/avatar\\\/7ea941209c8f97568b64cc9342c46bdc9856945c1e73ba413293b8c4a731aef4?s=96&d=mm&r=g\",\"url\":\"https:\\\/\\\/secure.gravatar.com\\\/avatar\\\/7ea941209c8f97568b64cc9342c46bdc9856945c1e73ba413293b8c4a731aef4?s=96&d=mm&r=g\",\"contentUrl\":\"https:\\\/\\\/secure.gravatar.com\\\/avatar\\\/7ea941209c8f97568b64cc9342c46bdc9856945c1e73ba413293b8c4a731aef4?s=96&d=mm&r=g\",\"caption\":\"Sarah Balat Mendoza\"},\"sameAs\":[\"https:\\\/\\\/www.armonizarteconfengshui.com\\\/\"],\"url\":\"https:\\\/\\\/www.armonizarteconfengshui.com\\\/ca\\\/author\\\/sarah-admin\\\/\"}]}<\/script>\n<!-- \/ Yoast SEO plugin. -->","yoast_head_json":{"title":"El Bagua i els Olis Essencials a la teva llar: Saviesa i Coneixement - Armonizarte con Feng Shui, by Sarah Balat","description":"Aquest sector es relaciona amb tot all\u00f2 vinculat amb la intenci\u00f3 d'estudiar, documentar-se, adquirir nous coneixements. Encara que tamb\u00e9 es relaciona amb el fet de treballar en l'expressi\u00f3 dels nostres sentiments, un treball de coneixement interior, d'autoconeixement.","robots":{"index":"index","follow":"follow","max-snippet":"max-snippet:-1","max-image-preview":"max-image-preview:large","max-video-preview":"max-video-preview:-1"},"canonical":"https:\/\/www.armonizarteconfengshui.com\/ca\/el-bagua-i-els-olis-essencials-a-la-teva-llar-saviesa-i-coneixement\/","og_locale":"ca_ES","og_type":"article","og_title":"El Bagua i els Olis Essencials a la teva llar: Saviesa i Coneixement - Armonizarte con Feng Shui, by Sarah Balat","og_description":"Aquest sector es relaciona amb tot all\u00f2 vinculat amb la intenci\u00f3 d'estudiar, documentar-se, adquirir nous coneixements. Encara que tamb\u00e9 es relaciona amb el fet de treballar en l'expressi\u00f3 dels nostres sentiments, un treball de coneixement interior, d'autoconeixement.","og_url":"https:\/\/www.armonizarteconfengshui.com\/ca\/el-bagua-i-els-olis-essencials-a-la-teva-llar-saviesa-i-coneixement\/","og_site_name":"Armonizarte con Feng Shui, by Sarah Balat","article_publisher":"https:\/\/www.facebook.com\/armonizarteconfengshui\/","article_published_time":"2020-07-06T08:53:38+00:00","og_image":[{"width":1920,"height":1280,"url":"https:\/\/www.armonizarteconfengshui.com\/wp-content\/uploads\/2020\/07\/Sabiduria-y-Conocimiento.jpg","type":"image\/jpeg"}],"author":"Sarah Balat Mendoza","twitter_card":"summary_large_image","twitter_misc":{"Escrit per":"Sarah Balat Mendoza","Temps estimat de lectura":"4 minuts"},"schema":{"@context":"https:\/\/schema.org","@graph":[{"@type":"Article","@id":"https:\/\/www.armonizarteconfengshui.com\/ca\/el-bagua-i-els-olis-essencials-a-la-teva-llar-saviesa-i-coneixement\/#article","isPartOf":{"@id":"https:\/\/www.armonizarteconfengshui.com\/ca\/el-bagua-i-els-olis-essencials-a-la-teva-llar-saviesa-i-coneixement\/"},"author":{"name":"Sarah Balat Mendoza","@id":"https:\/\/www.armonizarteconfengshui.com\/ca\/#\/schema\/person\/c584b8755f8973645ae42ddadce3e20d"},"headline":"El Bagua i els Olis Essencials a la teva llar: Saviesa i Coneixement","datePublished":"2020-07-06T08:53:38+00:00","mainEntityOfPage":{"@id":"https:\/\/www.armonizarteconfengshui.com\/ca\/el-bagua-i-els-olis-essencials-a-la-teva-llar-saviesa-i-coneixement\/"},"wordCount":931,"commentCount":0,"image":{"@id":"https:\/\/www.armonizarteconfengshui.com\/ca\/el-bagua-i-els-olis-essencials-a-la-teva-llar-saviesa-i-coneixement\/#primaryimage"},"thumbnailUrl":"https:\/\/www.armonizarteconfengshui.com\/wp-content\/uploads\/2020\/07\/Sabiduria-y-Conocimiento.jpg","articleSection":["Bagua i Olis Essencials"],"inLanguage":"ca","potentialAction":[{"@type":"CommentAction","name":"Comment","target":["https:\/\/www.armonizarteconfengshui.com\/ca\/el-bagua-i-els-olis-essencials-a-la-teva-llar-saviesa-i-coneixement\/#respond"]}]},{"@type":"WebPage","@id":"https:\/\/www.armonizarteconfengshui.com\/ca\/el-bagua-i-els-olis-essencials-a-la-teva-llar-saviesa-i-coneixement\/","url":"https:\/\/www.armonizarteconfengshui.com\/ca\/el-bagua-i-els-olis-essencials-a-la-teva-llar-saviesa-i-coneixement\/","name":"El Bagua i els Olis Essencials a la teva llar: Saviesa i Coneixement - Armonizarte con Feng Shui, by Sarah Balat","isPartOf":{"@id":"https:\/\/www.armonizarteconfengshui.com\/ca\/#website"},"primaryImageOfPage":{"@id":"https:\/\/www.armonizarteconfengshui.com\/ca\/el-bagua-i-els-olis-essencials-a-la-teva-llar-saviesa-i-coneixement\/#primaryimage"},"image":{"@id":"https:\/\/www.armonizarteconfengshui.com\/ca\/el-bagua-i-els-olis-essencials-a-la-teva-llar-saviesa-i-coneixement\/#primaryimage"},"thumbnailUrl":"https:\/\/www.armonizarteconfengshui.com\/wp-content\/uploads\/2020\/07\/Sabiduria-y-Conocimiento.jpg","datePublished":"2020-07-06T08:53:38+00:00","author":{"@id":"https:\/\/www.armonizarteconfengshui.com\/ca\/#\/schema\/person\/c584b8755f8973645ae42ddadce3e20d"},"description":"Aquest sector es relaciona amb tot all\u00f2 vinculat amb la intenci\u00f3 d'estudiar, documentar-se, adquirir nous coneixements. Encara que tamb\u00e9 es relaciona amb el fet de treballar en l'expressi\u00f3 dels nostres sentiments, un treball de coneixement interior, d'autoconeixement.","breadcrumb":{"@id":"https:\/\/www.armonizarteconfengshui.com\/ca\/el-bagua-i-els-olis-essencials-a-la-teva-llar-saviesa-i-coneixement\/#breadcrumb"},"inLanguage":"ca","potentialAction":[{"@type":"ReadAction","target":["https:\/\/www.armonizarteconfengshui.com\/ca\/el-bagua-i-els-olis-essencials-a-la-teva-llar-saviesa-i-coneixement\/"]}]},{"@type":"ImageObject","inLanguage":"ca","@id":"https:\/\/www.armonizarteconfengshui.com\/ca\/el-bagua-i-els-olis-essencials-a-la-teva-llar-saviesa-i-coneixement\/#primaryimage","url":"https:\/\/www.armonizarteconfengshui.com\/wp-content\/uploads\/2020\/07\/Sabiduria-y-Conocimiento.jpg","contentUrl":"https:\/\/www.armonizarteconfengshui.com\/wp-content\/uploads\/2020\/07\/Sabiduria-y-Conocimiento.jpg","width":1920,"height":1280},{"@type":"BreadcrumbList","@id":"https:\/\/www.armonizarteconfengshui.com\/ca\/el-bagua-i-els-olis-essencials-a-la-teva-llar-saviesa-i-coneixement\/#breadcrumb","itemListElement":[{"@type":"ListItem","position":1,"name":"Portada","item":"https:\/\/www.armonizarteconfengshui.com\/ca\/"},{"@type":"ListItem","position":2,"name":"El Bagua i els Olis Essencials a la teva llar: Saviesa i Coneixement"}]},{"@type":"WebSite","@id":"https:\/\/www.armonizarteconfengshui.com\/ca\/#website","url":"https:\/\/www.armonizarteconfengshui.com\/ca\/","name":"Armonizarte con Feng Shui, by Sarah Balat","description":"Armoniza tu vida, armonizando tu espacio","potentialAction":[{"@type":"SearchAction","target":{"@type":"EntryPoint","urlTemplate":"https:\/\/www.armonizarteconfengshui.com\/ca\/?s={search_term_string}"},"query-input":{"@type":"PropertyValueSpecification","valueRequired":true,"valueName":"search_term_string"}}],"inLanguage":"ca"},{"@type":"Person","@id":"https:\/\/www.armonizarteconfengshui.com\/ca\/#\/schema\/person\/c584b8755f8973645ae42ddadce3e20d","name":"Sarah Balat Mendoza","image":{"@type":"ImageObject","inLanguage":"ca","@id":"https:\/\/secure.gravatar.com\/avatar\/7ea941209c8f97568b64cc9342c46bdc9856945c1e73ba413293b8c4a731aef4?s=96&d=mm&r=g","url":"https:\/\/secure.gravatar.com\/avatar\/7ea941209c8f97568b64cc9342c46bdc9856945c1e73ba413293b8c4a731aef4?s=96&d=mm&r=g","contentUrl":"https:\/\/secure.gravatar.com\/avatar\/7ea941209c8f97568b64cc9342c46bdc9856945c1e73ba413293b8c4a731aef4?s=96&d=mm&r=g","caption":"Sarah Balat Mendoza"},"sameAs":["https:\/\/www.armonizarteconfengshui.com\/"],"url":"https:\/\/www.armonizarteconfengshui.com\/ca\/author\/sarah-admin\/"}]}},"_links":{"self":[{"href":"https:\/\/www.armonizarteconfengshui.com\/ca\/wp-json\/wp\/v2\/posts\/1019","targetHints":{"allow":["GET"]}}],"collection":[{"href":"https:\/\/www.armonizarteconfengshui.com\/ca\/wp-json\/wp\/v2\/posts"}],"about":[{"href":"https:\/\/www.armonizarteconfengshui.com\/ca\/wp-json\/wp\/v2\/types\/post"}],"author":[{"embeddable":true,"href":"https:\/\/www.armonizarteconfengshui.com\/ca\/wp-json\/wp\/v2\/users\/2"}],"replies":[{"embeddable":true,"href":"https:\/\/www.armonizarteconfengshui.com\/ca\/wp-json\/wp\/v2\/comments?post=1019"}],"version-history":[{"count":3,"href":"https:\/\/www.armonizarteconfengshui.com\/ca\/wp-json\/wp\/v2\/posts\/1019\/revisions"}],"predecessor-version":[{"id":1027,"href":"https:\/\/www.armonizarteconfengshui.com\/ca\/wp-json\/wp\/v2\/posts\/1019\/revisions\/1027"}],"wp:featuredmedia":[{"embeddable":true,"href":"https:\/\/www.armonizarteconfengshui.com\/ca\/wp-json\/wp\/v2\/media\/1024"}],"wp:attachment":[{"href":"https:\/\/www.armonizarteconfengshui.com\/ca\/wp-json\/wp\/v2\/media?parent=1019"}],"wp:term":[{"taxonomy":"category","embeddable":true,"href":"https:\/\/www.armonizarteconfengshui.com\/ca\/wp-json\/wp\/v2\/categories?post=1019"},{"taxonomy":"post_tag","embeddable":true,"href":"https:\/\/www.armonizarteconfengshui.com\/ca\/wp-json\/wp\/v2\/tags?post=1019"}],"curies":[{"name":"wp","href":"https:\/\/api.w.org\/{rel}","templated":true}]}}