{"id":955,"date":"2020-06-15T09:00:41","date_gmt":"2020-06-15T09:00:41","guid":{"rendered":"https:\/\/www.armonizarteconfengshui.com\/?p=955"},"modified":"2020-06-15T09:05:32","modified_gmt":"2020-06-15T09:05:32","slug":"el-bagua-i-els-olis-essencials-a-la-teva-llar-viatges-i-mecenes","status":"publish","type":"post","link":"https:\/\/www.armonizarteconfengshui.com\/ca\/el-bagua-i-els-olis-essencials-a-la-teva-llar-viatges-i-mecenes\/","title":{"rendered":"El Bagua i els Olis Essencials a la teva llar: Viatges i Mecenes"},"content":{"rendered":"<div class=\"wpb-content-wrapper\"><p>[vc_row css_animation=&#8221;&#8221; row_type=&#8221;row&#8221; use_row_as_full_screen_section=&#8221;no&#8221; type=&#8221;full_width&#8221; angled_section=&#8221;no&#8221; text_align=&#8221;left&#8221; background_image_as_pattern=&#8221;without_pattern&#8221;][vc_column][vc_column_text]<\/p>\n<h2 align=\"center\"><em><strong><span style=\"color: #000000\"><span style=\"font-family: Arial\"><span style=\"font-size: medium\">PORTA LA TEVA VIDA AL M\u00c0XIM NIVELL<\/span><\/span><\/span><\/strong><\/em><\/h2>\n<p align=\"justify\"><span style=\"color: #000000\"><span style=\"font-family: Arial, sans-serif\"><span style=\"font-size: medium\">Aquest article \u00e9s el cinqu\u00e8 d&#8217;una s\u00e8rie de 9 posts que s&#8217;inicien amb <\/span><\/span><\/span><span style=\"color: #c9211e\"><span style=\"font-family: Arial, sans-serif\"><span style=\"font-size: medium\"><span style=\"color: #ff0000\"><a style=\"color: #ff0000\" href=\"https:\/\/www.armonizarteconfengshui.com\/el-bagua-y-los-aceites-esenciales-en-tu-hogar-introduccion\/\">El bagua i els olis essencials a la teva llar: introducci\u00f3<\/a><\/span>,<\/span><\/span><\/span> <span style=\"color: #000000\"><span style=\"font-family: Arial, sans-serif\"><span style=\"font-size: medium\">el qual et recomano llegir perqu\u00e8 entenguis la meva intenci\u00f3 a <\/span><\/span><\/span><span style=\"color: #000000\"><span style=\"font-family: Arial, sans-serif\"><span style=\"font-size: medium\">l\u2019hora d<\/span><\/span><\/span><span style=\"color: #000000\"><span style=\"font-family: Arial, sans-serif\"><span style=\"font-size: medium\">&#8216;escriure aquest post i els altres de la mateixa s\u00e8rie. Aqu\u00ed <\/span><\/span><\/span><span style=\"color: #000000\"><span style=\"font-family: Arial, sans-serif\"><span style=\"font-size: medium\">tractarem<\/span><\/span><\/span><span style=\"color: #000000\"><span style=\"font-family: Arial, sans-serif\"><span style=\"font-size: medium\"> espec\u00edficament una de <\/span><\/span><\/span><span style=\"color: #000000\"><span style=\"font-family: Arial, sans-serif\"><span style=\"font-size: medium\"><i><b>&#8220;les 8 aspiracions de l&#8217;\u00e9sser hum\u00e0&#8221;<\/b><\/i><\/span><\/span><\/span><span style=\"color: #000000\"><span style=\"font-family: Arial, sans-serif\"><span style=\"font-size: medium\"> que ens presenta<\/span><\/span><\/span><span style=\"color: #000000\"><span style=\"font-family: Arial, sans-serif\"><span style=\"font-size: medium\"><i><b> l&#8217;escola de<\/b><\/i><\/span><\/span><\/span><span style=\"color: #000000\"><span style=\"font-family: Arial, sans-serif\"><span style=\"font-size: medium\"><i><b>l <\/b><\/i><\/span><\/span><\/span><span style=\"color: #000000\"><span style=\"font-family: Arial, sans-serif\"><span style=\"font-size: medium\"><i><b>Bagua <\/b><\/i><\/span><\/span><\/span><span style=\"color: #000000\"><span style=\"font-family: Arial, sans-serif\"><span style=\"font-size: medium\">de Feng Shui.<\/span><\/span><\/span><\/p>\n<p align=\"justify\"><span style=\"color: #000000\"><span style=\"font-family: Arial, sans-serif\"><span style=\"font-size: medium\"><img loading=\"lazy\" decoding=\"async\" class=\" wp-image-839 alignleft\" src=\"https:\/\/www.armonizarteconfengshui.com\/wp-content\/uploads\/2020\/05\/Mapa-Bagua-300x300.jpg\" alt=\"\" width=\"255\" height=\"255\" srcset=\"https:\/\/www.armonizarteconfengshui.com\/wp-content\/uploads\/2020\/05\/Mapa-Bagua-300x300.jpg 300w, https:\/\/www.armonizarteconfengshui.com\/wp-content\/uploads\/2020\/05\/Mapa-Bagua-1024x1024.jpg 1024w, https:\/\/www.armonizarteconfengshui.com\/wp-content\/uploads\/2020\/05\/Mapa-Bagua-150x150.jpg 150w, https:\/\/www.armonizarteconfengshui.com\/wp-content\/uploads\/2020\/05\/Mapa-Bagua-768x768.jpg 768w, https:\/\/www.armonizarteconfengshui.com\/wp-content\/uploads\/2020\/05\/Mapa-Bagua-570x570.jpg 570w, https:\/\/www.armonizarteconfengshui.com\/wp-content\/uploads\/2020\/05\/Mapa-Bagua-500x500.jpg 500w, https:\/\/www.armonizarteconfengshui.com\/wp-content\/uploads\/2020\/05\/Mapa-Bagua-1000x1000.jpg 1000w, https:\/\/www.armonizarteconfengshui.com\/wp-content\/uploads\/2020\/05\/Mapa-Bagua-700x700.jpg 700w, https:\/\/www.armonizarteconfengshui.com\/wp-content\/uploads\/2020\/05\/Mapa-Bagua.jpg 1280w\" sizes=\"auto, (max-width: 255px) 100vw, 255px\" \/><\/span><\/span><\/span><\/p>\n<p align=\"justify\"><span style=\"font-family: Arial, sans-serif\"><span style=\"color: #000000\"><span style=\"font-size: medium\">Recordem que <\/span><\/span><span style=\"color: #000000\"><span style=\"font-size: medium\"><i><b>l&#8217;escola del Bagua<\/b><\/i><\/span><\/span><span style=\"color: #000000\"><span style=\"font-size: medium\"> treballa amb l&#8217;aplicaci\u00f3 d&#8217;un sistema de parcel\u00b7laci\u00f3 de 8 sectors sobre l&#8217;espai a estudiar. En aquest cas tractarem l&#8217;aspiraci\u00f3 que es relaciona amb <\/span><\/span><strong><span style=\"color: #000000\"><span style=\"font-size: medium\">els Viatges i els Mecenes<\/span><\/span><\/strong><strong><span style=\"color: #000000\"><span style=\"font-size: medium\">.<\/span><\/span><\/strong> <\/span><\/p>\n<p align=\"justify\"><span style=\"font-family: Arial, sans-serif\"><span style=\"font-size: medium\"><span style=\"color: #000000\">Trobem en aquest sector tot all\u00f2 vinculat amb els viatges que fem i els aprenentatges que fem <\/span><span style=\"color: #000000\">en<\/span><span style=\"color: #000000\"> ells. I \u00e9s que viatjar ens enriqueix a molts nivells, com per exemple en saviesa i en humilitat. A m\u00e9s situem en aquest espai elements que potenci\u00efn les ajudes externes, doncs aqu\u00ed es simbolitza tot all\u00f2 que rebem dels nostres mentors, guies, de l&#8217;energia de l&#8217;Univers.<\/span><\/span><\/span><\/p>\n<p align=\"justify\"><span style=\"font-family: Arial, sans-serif\"><span style=\"font-size: medium\"><span style=\"color: #000000\">Aquesta aspiraci\u00f3 es troba situada a la zona<\/span> <span style=\"color: #000000\"><i><u><b>NorOe<\/b><\/u><\/i><\/span><span style=\"color: #000000\"><i><u><b>st<\/b><\/u><\/i><\/span><span style=\"color: #000000\"> de la teva llar o del teu lloc de treball, i est\u00e0 representada per l&#8217;element <\/span><span style=\"color: #000000\"><i><u><b>Metal<\/b><\/u><\/i><\/span><span style=\"color: #000000\"><i><u><b>l<\/b><\/u><\/i><\/span><span style=\"color: #000000\">.<\/span><\/span><\/span><\/p>\n<h3 align=\"justify\"><span style=\"color: #000000\"><span style=\"font-family: Arial, sans-serif\"><span style=\"font-size: medium\"><u><b>DECORACI\u00d3<\/b><\/u><\/span><\/span><\/span><\/h3>\n<p align=\"justify\"><span style=\"font-family: Arial, sans-serif\"><span style=\"font-size: medium\"><span style=\"color: #000000\">Aquest element s&#8217;associa als<\/span><span style=\"color: #000000\"><b> colors <\/b><\/span><span style=\"color: #000000\">b<\/span><span style=\"color: #000000\">lanc, d<\/span><span style=\"color: #000000\">aurat<\/span><span style=\"color: #000000\">, plate<\/span><span style=\"color: #000000\">jat<\/span><span style=\"color: #000000\">, gris <\/span><span style=\"color: #000000\">i tots<\/span> <span style=\"color: #000000\">els<\/span><span style=\"color: #000000\"> colors de <\/span><span style=\"color: #000000\">lluentor met\u00e0l\u00b7lica i<\/span> <span style=\"color: #000000\">clars pastel<\/span><span style=\"color: #000000\">; <\/span><span style=\"color: #000000\">i<\/span><span style=\"color: #000000\"> a l<\/span><span style=\"color: #000000\">e<\/span><span style=\"color: #000000\">s <\/span><span style=\"color: #000000\"><b>form<\/b><\/span><span style=\"color: #000000\"><b>e<\/b><\/span><span style=\"color: #000000\"><b>s<\/b><\/span> <span style=\"color: #000000\">r<\/span><span style=\"color: #000000\">odones<\/span><span style=\"color: #000000\">, circulars, ovalad<\/span><span style=\"color: #000000\">e<\/span><span style=\"color: #000000\">s, c\u00fapul<\/span><span style=\"color: #000000\">e<\/span><span style=\"color: #000000\">s, b<\/span><span style=\"color: #000000\">\u00f2<\/span><span style=\"color: #000000\">ved<\/span><span style=\"color: #000000\">e<\/span><span style=\"color: #000000\">s <\/span><span style=\"color: #000000\">i<\/span><span style=\"color: #000000\"> arcs. <\/span><span style=\"color: #000000\">Per aquest motiu t\u2019ofereixo a continuaci\u00f3 algunes recomanacions que et poden donar idees per decorar aquesta zona de casa teva.<\/span> <\/span><\/span><\/p>\n<p align=\"justify\"><span style=\"font-family: Arial, sans-serif\"><span style=\"font-size: medium\"><span style=\"color: #000000\">-Els minerals com quars, diamants, gemmes, cristalls naturals&#8230; representen l\u2019element metall, a l&#8217;igual que els citats a continuaci\u00f3.<\/span><\/span><\/span><\/p>\n<p align=\"justify\"><span style=\"font-family: Arial, sans-serif\"><span style=\"font-size: medium\"><span style=\"color: #000000\">-La escultures de marbre, bronze o ferro.<\/span><\/span><\/span><\/p>\n<p align=\"justify\"><span style=\"font-family: Arial, sans-serif\"><span style=\"font-size: medium\"><span style=\"color: #000000\">-La pissarra, el granit, el ciment.<\/span><\/span><\/span><\/p>\n<p align=\"justify\"><span style=\"font-family: Arial, sans-serif\"><span style=\"font-size: medium\"><span style=\"color: #000000\">-Tamb\u00e9 les flors seques o quadres que representin la tardor.<\/span><\/span><\/span><\/p>\n<p align=\"justify\"><span style=\"font-family: Arial, sans-serif\"><span style=\"font-size: medium\"><span style=\"color: #000000\">-Totes les superf\u00edcies blanques i brillants, aix\u00ed com les teles metal\u00b7litzades.<\/span><\/span><\/span><\/p>\n<p align=\"justify\"><span style=\"font-family: Arial, sans-serif\"><span style=\"font-size: medium\"><span style=\"color: #000000\"><img loading=\"lazy\" decoding=\"async\" class=\"size-medium wp-image-962 alignright\" src=\"https:\/\/www.armonizarteconfengshui.com\/wp-content\/uploads\/2020\/06\/Metal-1-300x169.jpg\" alt=\"\" width=\"300\" height=\"169\" srcset=\"https:\/\/www.armonizarteconfengshui.com\/wp-content\/uploads\/2020\/06\/Metal-1-300x169.jpg 300w, https:\/\/www.armonizarteconfengshui.com\/wp-content\/uploads\/2020\/06\/Metal-1-1024x576.jpg 1024w, https:\/\/www.armonizarteconfengshui.com\/wp-content\/uploads\/2020\/06\/Metal-1-768x432.jpg 768w, https:\/\/www.armonizarteconfengshui.com\/wp-content\/uploads\/2020\/06\/Metal-1-700x394.jpg 700w, https:\/\/www.armonizarteconfengshui.com\/wp-content\/uploads\/2020\/06\/Metal-1-539x303.jpg 539w, https:\/\/www.armonizarteconfengshui.com\/wp-content\/uploads\/2020\/06\/Metal-1.jpg 1280w\" sizes=\"auto, (max-width: 300px) 100vw, 300px\" \/>-I <\/span><span style=\"color: #000000\">per descomptat, <\/span><span style=\"color: #000000\">les monedes i tots els metalls: acer inoxidable, coure, llaut\u00f3, ferro, plata, alumini, or.<\/span><\/span><\/span><\/p>\n<p align=\"justify\"><span style=\"font-family: Arial, sans-serif\"><span style=\"font-size: medium\"><span style=\"color: #000000\">A part de l&#8217;element metall col\u00b7locarem en aquesta zona objectes decoratius que potenci\u00efn els Viatges i Mecenes, com per exemple:<\/span><\/span><\/span><\/p>\n<p align=\"justify\"><span style=\"font-family: Arial, sans-serif\"><span style=\"font-size: medium\"><span style=\"color: #000000\">-Fotografies (soles o en collage) de llocs que hem visitat o als quals volem anar.<\/span><\/span><\/span><\/p>\n<p align=\"justify\"><span style=\"font-family: Arial, sans-serif\"><span style=\"font-size: medium\"><span style=\"color: #000000\">-Un mapamundi o un globus terraq<\/span><span style=\"color: #000000\">ui<\/span><span style=\"color: #000000\">.<\/span><\/span><\/span><\/p>\n<p align=\"justify\"><span style=\"font-family: Arial, sans-serif\"><span style=\"font-size: medium\"><span style=\"color: #000000\">-Imatges, frases, o qualsevol altre objecte que ens recordi els nostres desitjos de viatjar, per aix\u00ed connectar amb les sensacions que vivim en aquesta experi\u00e8ncia d&#8217;obrir-nos al m\u00f3n.<\/span><\/span><\/span><\/p>\n<p align=\"justify\"><span style=\"font-family: Arial, sans-serif\"><span style=\"font-size: medium\"><span style=\"color: #000000\">-Figures o imatges de s\u00edmbols que per a nosaltres representin les ajudes que v\u00e9nen de fora: estrelles, angelets, budes &#8230;<\/span><\/span><\/span><\/p>\n<p align=\"justify\"><span style=\"color: #000000\"><span style=\"font-family: Arial, sans-serif\"><span style=\"font-size: medium\">Primer de tot recorda que l&#8217;equilibri \u00e9s fonamental en tots els aspectes de la vida, i per tant en el Feng Shui tamb\u00e9. Procura no sobrecarregar la decoraci\u00f3. Com hem dit en altres ocasions &#8220;Menys \u00e9s M\u00e9s&#8221;. <\/span><\/span><\/span><\/p>\n<h3 align=\"justify\"><span style=\"font-family: Arial, sans-serif\"><span style=\"color: #000000\"><span style=\"font-size: medium\"><u><b>OLI<\/b><\/u><\/span><\/span><span style=\"color: #000000\"><span style=\"font-size: medium\"><u><b> ES<\/b><\/u><\/span><\/span><span style=\"color: #000000\"><span style=\"font-size: medium\"><u><b>S<\/b><\/u><\/span><\/span><span style=\"color: #000000\"><span style=\"font-size: medium\"><u><b>ENCIAL:<\/b><\/u><\/span><\/span><span style=\"color: #000000\"><span style=\"font-size: medium\"><b> \u201c<\/b><\/span><\/span><span style=\"color: #000000\"><span style=\"font-size: medium\"><i><u><b>Journey On<\/b><\/u><\/i><\/span><\/span><span style=\"color: #000000\"><span style=\"font-size: medium\"><i><b>\u201d<\/b><\/i><\/span><\/span><\/span><\/h3>\n<p align=\"justify\"><span style=\"color: #000000\"><span style=\"font-family: Arial, sans-serif\"><span style=\"font-size: medium\">Com deia en l&#8217;article <\/span><\/span><\/span><span style=\"color: #ff0000\"><a style=\"color: #ff0000\" href=\"https:\/\/www.armonizarteconfengshui.com\/el-bagua-y-los-aceites-esenciales-en-tu-hogar-introduccion\/\"><span style=\"font-family: Arial, sans-serif\"><span style=\"font-size: medium\">El bagua i els olis essencials a la teva llar: introducci\u00f3<\/span><\/span><\/a><\/span><span style=\"color: #000000\"><span style=\"font-family: Arial, sans-serif\"><span style=\"font-size: medium\"><span style=\"color: #ff0000\">,<\/span> a part de recomanacions en la decoraci\u00f3 <\/span><\/span><\/span><span style=\"color: #000000\"><span style=\"font-family: Arial, sans-serif\"><span style=\"font-size: medium\">vull<\/span><\/span><\/span><span style=\"color: #000000\"><span style=\"font-family: Arial, sans-serif\"><span style=\"font-size: medium\"> oferir-te un plus per a l&#8217;activaci\u00f3 d&#8217;aquesta \u00e0rea de la teva vida. I ho far\u00e9 a trav\u00e9s de la recomanaci\u00f3 d&#8217;un <\/span><\/span><\/span><span style=\"color: #ff0000\"><span style=\"font-family: Arial, sans-serif\"><span style=\"font-size: medium\"><a style=\"color: #ff0000\" href=\"https:\/\/www.youngliving.com\/es_ES\/discover\">Oli Essencial<\/a>. <\/span><\/span><\/span><span style=\"color: #000000\"><span style=\"font-family: Arial, sans-serif\"><span style=\"font-size: medium\">I \u00e9s que la feina que fem amb ells ens aporta una quantitat de beneficis impressionants. Si triem l&#8217;oli adequat i l&#8217;acompanyem d&#8217;una intencionalitat concreta els resultats obtinguts poden superar qualsevol expectativa.<\/span><\/span><\/span><\/p>\n<p align=\"justify\"><span style=\"color: #000000\"><span style=\"font-family: Arial, sans-serif\"><span style=\"font-size: medium\">La qualitat de l&#8217;Oli Essencial \u00e9s primordial per obtenir m<\/span><\/span><\/span><span style=\"color: #000000\"><span style=\"font-family: Arial, sans-serif\"><span style=\"font-size: medium\">illor<\/span><\/span><\/span><span style=\"color: #000000\"><span style=\"font-family: Arial, sans-serif\"><span style=\"font-size: medium\">s resultats, per aix\u00f2, tenint en compte la meva experi\u00e8ncia personal, et recomano els que t&#8217;ofereix <span style=\"color: #ff0000\"><a style=\"color: #ff0000\" href=\"https:\/\/www.youngliving.com\/es_ES\/company\/about\">Young Living<\/a>.<\/span> La puresa d&#8217;aquests olis generen una vibraci\u00f3 preciosa per treballar diferents aspectes i experimentar els beneficis que porten a la teva vida.<\/span><\/span><\/span><\/p>\n<p align=\"justify\"><span style=\"color: #000000\"><span style=\"font-family: Arial, sans-serif\"><span style=\"font-size: medium\"><span lang=\"zxx\"><img loading=\"lazy\" decoding=\"async\" class=\"size-medium wp-image-833 alignleft\" src=\"https:\/\/www.armonizarteconfengshui.com\/wp-content\/uploads\/2020\/05\/Amor-Infinito-300x169.jpg\" alt=\"\" width=\"300\" height=\"169\" srcset=\"https:\/\/www.armonizarteconfengshui.com\/wp-content\/uploads\/2020\/05\/Amor-Infinito-300x169.jpg 300w, https:\/\/www.armonizarteconfengshui.com\/wp-content\/uploads\/2020\/05\/Amor-Infinito-1024x576.jpg 1024w, https:\/\/www.armonizarteconfengshui.com\/wp-content\/uploads\/2020\/05\/Amor-Infinito-768x432.jpg 768w, https:\/\/www.armonizarteconfengshui.com\/wp-content\/uploads\/2020\/05\/Amor-Infinito-700x394.jpg 700w, https:\/\/www.armonizarteconfengshui.com\/wp-content\/uploads\/2020\/05\/Amor-Infinito-539x303.jpg 539w, https:\/\/www.armonizarteconfengshui.com\/wp-content\/uploads\/2020\/05\/Amor-Infinito.jpg 1280w\" sizes=\"auto, (max-width: 300px) 100vw, 300px\" \/><\/span><\/span><\/span><\/span><\/p>\n<p align=\"justify\"><span style=\"color: #000000\"><span style=\"font-family: Arial, sans-serif\"><span style=\"font-size: medium\">Acompanyar aquest treball de potenciar la teva obertura al m\u00f3n a trav\u00e9s dels Viatges i el rebre ajudes externes, amb\u00a0<\/span><\/span><\/span><span style=\"color: #000000\"><span style=\"font-family: Arial, sans-serif\"><span style=\"font-size: medium\">un Creixement Personal \u00e9s per a mi <\/span><\/span><\/span><span style=\"color: #000000\"><span style=\"font-family: Arial, sans-serif\"><span style=\"font-size: medium\">quelcom<\/span><\/span><\/span><span style=\"color: #000000\"><span style=\"font-family: Arial, sans-serif\"><span style=\"font-size: medium\"> inevitable, no hi ha l&#8217;un sense l&#8217;altre. Per aquest motiu, el treball amb els Olis Essencials va acompanyat d&#8217;una infinitat de recursos, cortesia de les bell\u00edssimes persones que formen p<\/span><\/span><\/span><span style=\"color: #000000\"><span style=\"font-family: Arial, sans-serif\"><span style=\"font-size: medium\">art de l&#8217;equip d&#8217;<\/span><\/span><\/span><span style=\"color: #000000\"><span style=\"font-family: Arial, sans-serif\"><span style=\"font-size: medium\"><b>Amor Infinit<\/b><\/span><\/span><\/span><span style=\"color: #000000\"><span style=\"font-family: Arial, sans-serif\"><span style=\"font-size: medium\"><b>o<\/b><\/span><\/span><\/span><span style=\"color: #000000\"><span style=\"font-family: Arial, sans-serif\"><span style=\"font-size: medium\">, amb <span style=\"color: #ff0000\"><a style=\"color: #ff0000\" href=\"https:\/\/isabellamagdala.com\/\">Isabella Magdala<\/a> <\/span>al <\/span><\/span><\/span><span style=\"color: #000000\"><span style=\"font-family: Arial, sans-serif\"><span style=\"font-size: medium\">capdavant<\/span><\/span><\/span><span style=\"color: #000000\"><span style=\"font-family: Arial, sans-serif\"><span style=\"font-size: medium\">.<\/span><\/span><\/span><\/p>\n<p align=\"justify\"><span style=\"color: #000000\"><span style=\"font-family: Arial, sans-serif\"><span style=\"font-size: medium\">Et convido a participar d&#8217;aquesta experi\u00e8ncia que generar\u00e0 un abans i un despr\u00e9s en tu, sempre compartint des del cor. Si sents que <\/span><\/span><\/span><span style=\"color: #000000\"><span style=\"font-family: Arial, sans-serif\"><span style=\"font-size: medium\">aix\u00f2 que<\/span><\/span><\/span><span style=\"color: #000000\"><span style=\"font-family: Arial, sans-serif\"><span style=\"font-size: medium\"> t&#8217;explico vibra amb tu, <\/span><\/span><\/span><span style=\"color: #ff0000\"><span style=\"font-family: Arial, sans-serif\"><span style=\"font-size: medium\"><a style=\"color: #ff0000\" href=\"https:\/\/www.youngliving.com\/vo\/#\/signup\/new-start?sponsorid=23459924&amp;enrollerid=23459924&amp;isocountrycode=ES&amp;culture=es-ES&amp;type=member\">et veig a dins!<\/a>\u00a0<\/span><\/span><\/span><\/p>\n<p align=\"justify\"><span style=\"color: #000000\"><span style=\"font-family: Arial, sans-serif\"><span style=\"font-size: medium\">Avui et porto un dels olis m\u00e9s especials que t\u00e9 Young Living segons el meu punt de vista. Es tracta de <em><strong>Journey On<\/strong><\/em>, una preciosa sin\u00e8rgia que vol commemorar la vida i visi\u00f3 filantr\u00f2pica en pro de la pau de Gary Young, fundador d&#8217;aquest meravell\u00f3s projecte, el fil conductor del qual s\u00f3n els olis essencials<\/span><span style=\"font-size: medium\"><span style=\"font-family: Avenir Light, serif;font-size: small\">.<\/span><\/span><\/span><\/span><\/p>\n<p align=\"justify\"><span style=\"color: #000000\"><span style=\"font-family: Arial, sans-serif\"><span style=\"font-size: medium\">Aquesta inspiradora frag\u00e0ncia herbal que recorda la terra, est\u00e0 pensada per convidar a qui ho desitgi a celebrar all\u00f2 que ens fa \u00fanics, mostrant m\u00e9s comprensi\u00f3 i compassi\u00f3 cap als altres. T&#8217;ajudar\u00e0 a aconseguir inspiraci\u00f3 i motivaci\u00f3 en el teu cam\u00ed personal, fomentant una perspectiva saludable i de pau interior. Aquesta et portar\u00e0 cap al benestar i la vida plena, creant el teu espai de pau i espiritualitat. El seu aroma vigoritzant et proporciona coratge per encarar el dia i les noves oportunitats que aquest et porti, amb l&#8217;energia adient. <\/span><\/span><\/span><\/p>\n<p align=\"justify\"><span style=\"color: #000000\"><span style=\"font-family: Arial, sans-serif\"><span style=\"font-size: medium\">Aquest preci\u00f3s benefici es produeix gr\u00e0cies a la combinaci\u00f3 dels olis que cont\u00e9 aquesta exclusiva sin\u00e8rgia. A part d&#8217;incloure tres meravelloses mescles, creades pr\u00e8viament per Young Living, <em><strong>Journey On<\/strong><\/em> cont\u00e9, entre d&#8217;altres els olis essencial de:<\/span><\/span><\/span><\/p>\n<p align=\"justify\"><span style=\"font-family: Avenir Light, serif\"><span style=\"font-size: small\"><span style=\"color: #000000\"><span style=\"font-family: Arial, sans-serif\"><span style=\"font-size: medium\"><b><img loading=\"lazy\" decoding=\"async\" class=\"size-medium wp-image-964 alignright\" src=\"https:\/\/www.armonizarteconfengshui.com\/wp-content\/uploads\/2020\/06\/New-Project-4-190x300.jpg\" alt=\"\" width=\"190\" height=\"300\" srcset=\"https:\/\/www.armonizarteconfengshui.com\/wp-content\/uploads\/2020\/06\/New-Project-4-190x300.jpg 190w, https:\/\/www.armonizarteconfengshui.com\/wp-content\/uploads\/2020\/06\/New-Project-4.jpg 520w\" sizes=\"auto, (max-width: 190px) 100vw, 190px\" \/>&#8211;<\/b><\/span><\/span><\/span><\/span><\/span><span style=\"font-family: Avenir Light, serif\"><span style=\"font-size: small\"><span style=\"color: #000000\"><span style=\"font-family: Arial, sans-serif\"><span style=\"font-size: medium\"><b>Peppermint<\/b><\/span><\/span><\/span><\/span><\/span> <span style=\"font-family: Avenir Light, serif\"><span style=\"font-size: small\"><span style=\"color: #000000\"><span style=\"font-family: Arial, sans-serif\"><span style=\"font-size: medium\">ajuda amb els marejos en els viatges, estimula l&#8217;activitat mental, millora l&#8217;\u00e0nim i redu<\/span><\/span><\/span><\/span><\/span><span style=\"font-family: Avenir Light, serif\"><span style=\"font-size: small\"><span style=\"color: #000000\"><span style=\"font-family: Arial, sans-serif\"><span style=\"font-size: medium\">eix<\/span><\/span><\/span><\/span><\/span><span style=\"font-family: Avenir Light, serif\"><span style=\"font-size: small\"><span style=\"color: #000000\"><span style=\"font-family: Arial, sans-serif\"><span style=\"font-size: medium\"> la fatiga.<\/span><\/span><\/span><\/span><\/span><\/p>\n<p align=\"justify\"><span style=\"font-family: Avenir Light, serif\"><span style=\"font-size: small\"><span style=\"color: #000000\"><span style=\"font-family: Arial, sans-serif\"><span style=\"font-size: medium\"><b>-Ravintsara <\/b><\/span><\/span><\/span><\/span><\/span><span style=\"font-family: Avenir Light, serif\"><span style=\"font-size: small\"><span style=\"color: #000000\"><span style=\"font-family: Arial, sans-serif\"><span style=\"font-size: medium\">que ajuda a aclarir la boira cerebral i refor\u00e7a la motivaci\u00f3. <\/span><\/span><\/span><\/span><\/span><\/p>\n<p align=\"justify\"><span style=\"font-family: Avenir Light, serif\"><span style=\"font-size: small\"><span style=\"color: #000000\"><span style=\"font-family: Arial, sans-serif\"><span style=\"font-size: medium\"><b>-Cistus <\/b><\/span><\/span><\/span><\/span><\/span><span style=\"font-family: Avenir Light, serif\"><span style=\"font-size: small\"><span style=\"color: #000000\"><span style=\"font-family: Arial, sans-serif\"><span style=\"font-size: medium\">ja que promou emocions que eleven i fomenten l&#8217;esperit, ajuda a obrir i relaxar els bloquejos emocionals, tamb\u00e9 ajuda a calmar i relaxar durant els moments durs.<\/span><\/span><\/span><\/span><\/span><\/p>\n<p align=\"justify\"><span style=\"font-family: Avenir Light, serif\"><span style=\"font-size: small\"><span style=\"color: #000000\"><span style=\"font-family: Arial, sans-serif\"><span style=\"font-size: medium\"><b>-Frankincense<\/b><\/span><\/span><\/span><\/span><\/span><span style=\"font-family: Avenir Light, serif\"><span style=\"font-size: small\"><span style=\"color: #000000\"><span style=\"font-family: Arial, sans-serif\"><span style=\"font-size: medium\"> que pot calmar les emocions, combatre i refor\u00e7ar la ment esgotada per l&#8217;ansietat, la depressi\u00f3 i la tensi\u00f3 nerviosa, reduint i revitalitzant el cos i la ment. A causa del seu alt contingut de sesquiterpens, \u00e9s estimulant i enriquidor per a la ment i ajuda a superar l&#8217;estr<\/span><\/span><\/span><\/span><\/span><span style=\"font-family: Avenir Light, serif\"><span style=\"font-size: small\"><span style=\"color: #000000\"><span style=\"font-family: Arial, sans-serif\"><span style=\"font-size: medium\">\u00e9<\/span><\/span><\/span><\/span><\/span><span style=\"font-family: Avenir Light, serif\"><span style=\"font-size: small\"><span style=\"color: #000000\"><span style=\"font-family: Arial, sans-serif\"><span style=\"font-size: medium\">s i la desesperaci\u00f3.<\/span><\/span><\/span><\/span><\/span><\/p>\n<p align=\"justify\"><span style=\"font-family: Avenir Light, serif\"><span style=\"font-size: small\"><span style=\"color: #000000\"><span style=\"font-family: Arial, sans-serif\"><span style=\"font-size: medium\"><b>-Tangerine<\/b><\/span><\/span><\/span><\/span><\/span><span style=\"font-family: Avenir Light, serif\"><span style=\"font-size: small\"><span style=\"color: #000000\"><span style=\"font-family: Arial, sans-serif\"><span style=\"font-size: medium\"> l&#8217;aroma <\/span><\/span><\/span><\/span><\/span><span style=\"font-family: Avenir Light, serif\"><span style=\"font-size: small\"><span style=\"color: #000000\"><span style=\"font-family: Arial, sans-serif\"><span style=\"font-size: medium\">de la qual<\/span><\/span><\/span><\/span><\/span><span style=\"font-family: Avenir Light, serif\"><span style=\"font-size: small\"><span style=\"color: #000000\"><span style=\"font-family: Arial, sans-serif\"><span style=\"font-size: medium\"> ajuda amb l&#8217;ansietat, el nerviosisme, la irritabilitat, proporciona una sensaci\u00f3 de felicitat, ajuda a la mem\u00f2ria i l&#8217;aprenentatge.<\/span><\/span><\/span><\/span><\/span><\/p>\n<p align=\"justify\"><span style=\"font-family: Avenir Light, serif\"><span style=\"font-size: small\"><span style=\"color: #000000\"><span style=\"font-family: Arial, sans-serif\"><span style=\"font-size: medium\"><b>-Ylang Ylang<\/b><\/span><\/span><\/span><\/span><\/span> <span style=\"font-family: Avenir Light, serif\"><span style=\"font-size: small\"><span style=\"color: #000000\"><span style=\"font-family: Arial, sans-serif\"><span style=\"font-size: medium\">\u00e9s molt efectiu a l&#8217;hora de calmar i d&#8217;aportar una sensaci\u00f3 de relaxaci\u00f3 i pot ajudar a alliberar els sentiments de r\u00e0bia, tensi\u00f3 i irritabilitat nerviosa.<\/span><\/span><\/span><\/span><\/span><\/p>\n<p align=\"justify\">Pots fer servir <span style=\"color: #000000\"><span style=\"font-family: Arial, sans-serif\"><span style=\"font-size: medium\"><i><u><b>Journey On<\/b><\/u><\/i> de diferetns formes:<\/span><\/span><\/span><\/p>\n<p align=\"justify\"><span style=\"color: #000000\"><span style=\"font-family: Arial, sans-serif\"><span style=\"font-size: medium\">-A trav\u00e9s del <a href=\"https:\/\/www.youngliving.com\/es_ES\/products\/c\/hogar\/difusores-y-utensilios\"><span style=\"color: #ff3333\">difusor<\/span><\/a> o inhalant directament de l\u2019ampolla. <\/span><\/span><\/span><\/p>\n<p align=\"justify\"><span style=\"color: #000000\"><span style=\"font-family: Arial, sans-serif\"><span style=\"font-size: medium\">-Amb massatge dilu\u00eft en <a href=\"https:\/\/www.youngliving.com\/es_ES\/products\/young-living-v-6-enhanced-vegetable-oil-refill\"><span style=\"color: #ff3333\"><span lang=\"es-ES\">oli vegetal portador<\/span><\/span><\/a>,<\/span><\/span><\/span><\/p>\n<h4 style=\"text-align: center\" align=\"justify\"><em><span style=\"color: #000000\"><span style=\"font-family: Arial, sans-serif\"><span style=\"font-size: medium\"><span lang=\"zxx\">I<\/span><span lang=\"zxx\"> la <\/span><span lang=\"zxx\">se<\/span><span lang=\"zxx\">t<\/span><span lang=\"zxx\">mana <\/span><span lang=\"zxx\">vinent<\/span> <span lang=\"zxx\">seguim <\/span><span lang=\"zxx\">amb<\/span> <span lang=\"zxx\">&#8230;. Prosperitat<\/span><span lang=\"zxx\"><b>!<\/b><\/span><\/span><\/span><\/span><\/em><\/h4>\n<p style=\"text-align: right\"><strong><b>Amb tot el meu amo<\/b>r \u2665&#8230; <\/strong><strong>Sarah Balat<\/strong><\/p>\n<p>&nbsp;<\/p>\n<p>[\/vc_column_text][\/vc_column][\/vc_row]<\/p>\n<\/div>","protected":false},"excerpt":{"rendered":"<p>El sector dels Viatges i dels Mecenes trobem tot all\u00f2 vinculat amb els viatges que fem i els aprenentatges que fem a ells. I \u00e9s que viatjar ens enriqueix a molts nivells, com per exemple en saviesa i en humilitat. A m\u00e9s situem en aquest espai elements que potenci\u00efn les ajudes externes, doncs aqu\u00ed es simbolitza tot all\u00f2 que rebem dels nostres mentors, guies, de l&#8217;energia de l&#8217;Univers.<\/p>\n","protected":false},"author":2,"featured_media":959,"comment_status":"open","ping_status":"open","sticky":false,"template":"","format":"standard","meta":{"footnotes":""},"categories":[28],"tags":[],"class_list":["post-955","post","type-post","status-publish","format-standard","has-post-thumbnail","hentry","category-bagua-i-olis-essencials"],"yoast_head":"<!-- This site is optimized with the Yoast SEO plugin v27.4 - https:\/\/yoast.com\/product\/yoast-seo-wordpress\/ -->\n<title>El Bagua i els Olis Essencials a la teva llar: Viatges i Mecenes - Armonizarte con Feng Shui, by Sarah Balat<\/title>\n<meta name=\"description\" content=\"El sector dels Viatges i dels Mecenes trobem tot all\u00f2 vinculat amb els viatges que fem i els aprenentatges que fem a ells. I \u00e9s que viatjar ens enriqueix a molts nivells, com per exemple en saviesa i en humilitat. A m\u00e9s situem en aquest espai elements que potenci\u00efn les ajudes externes, doncs aqu\u00ed es simbolitza tot all\u00f2 que rebem dels nostres mentors, guies, de l&#039;energia de l&#039;Univers.\" \/>\n<meta name=\"robots\" content=\"index, follow, max-snippet:-1, max-image-preview:large, max-video-preview:-1\" \/>\n<link rel=\"canonical\" href=\"https:\/\/www.armonizarteconfengshui.com\/ca\/el-bagua-i-els-olis-essencials-a-la-teva-llar-viatges-i-mecenes\/\" \/>\n<meta property=\"og:locale\" content=\"ca_ES\" \/>\n<meta property=\"og:type\" content=\"article\" \/>\n<meta property=\"og:title\" content=\"El Bagua i els Olis Essencials a la teva llar: Viatges i Mecenes - Armonizarte con Feng Shui, by Sarah Balat\" \/>\n<meta property=\"og:description\" content=\"El sector dels Viatges i dels Mecenes trobem tot all\u00f2 vinculat amb els viatges que fem i els aprenentatges que fem a ells. I \u00e9s que viatjar ens enriqueix a molts nivells, com per exemple en saviesa i en humilitat. A m\u00e9s situem en aquest espai elements que potenci\u00efn les ajudes externes, doncs aqu\u00ed es simbolitza tot all\u00f2 que rebem dels nostres mentors, guies, de l&#039;energia de l&#039;Univers.\" \/>\n<meta property=\"og:url\" content=\"https:\/\/www.armonizarteconfengshui.com\/ca\/el-bagua-i-els-olis-essencials-a-la-teva-llar-viatges-i-mecenes\/\" \/>\n<meta property=\"og:site_name\" content=\"Armonizarte con Feng Shui, by Sarah Balat\" \/>\n<meta property=\"article:publisher\" content=\"https:\/\/www.facebook.com\/armonizarteconfengshui\/\" \/>\n<meta property=\"article:published_time\" content=\"2020-06-15T09:00:41+00:00\" \/>\n<meta property=\"article:modified_time\" content=\"2020-06-15T09:05:32+00:00\" \/>\n<meta property=\"og:image\" content=\"https:\/\/www.armonizarteconfengshui.com\/wp-content\/uploads\/2020\/06\/viajes-y-mecenas-2.jpg\" \/>\n\t<meta property=\"og:image:width\" content=\"1920\" \/>\n\t<meta property=\"og:image:height\" content=\"1280\" \/>\n\t<meta property=\"og:image:type\" content=\"image\/jpeg\" \/>\n<meta name=\"author\" content=\"Sarah Balat Mendoza\" \/>\n<meta name=\"twitter:card\" content=\"summary_large_image\" \/>\n<meta name=\"twitter:label1\" content=\"Escrit per\" \/>\n\t<meta name=\"twitter:data1\" content=\"Sarah Balat Mendoza\" \/>\n\t<meta name=\"twitter:label2\" content=\"Temps estimat de lectura\" \/>\n\t<meta name=\"twitter:data2\" content=\"6 minuts\" \/>\n<script type=\"application\/ld+json\" class=\"yoast-schema-graph\">{\"@context\":\"https:\\\/\\\/schema.org\",\"@graph\":[{\"@type\":\"Article\",\"@id\":\"https:\\\/\\\/www.armonizarteconfengshui.com\\\/ca\\\/el-bagua-i-els-olis-essencials-a-la-teva-llar-viatges-i-mecenes\\\/#article\",\"isPartOf\":{\"@id\":\"https:\\\/\\\/www.armonizarteconfengshui.com\\\/ca\\\/el-bagua-i-els-olis-essencials-a-la-teva-llar-viatges-i-mecenes\\\/\"},\"author\":{\"name\":\"Sarah Balat Mendoza\",\"@id\":\"https:\\\/\\\/www.armonizarteconfengshui.com\\\/ca\\\/#\\\/schema\\\/person\\\/c584b8755f8973645ae42ddadce3e20d\"},\"headline\":\"El Bagua i els Olis Essencials a la teva llar: Viatges i Mecenes\",\"datePublished\":\"2020-06-15T09:00:41+00:00\",\"dateModified\":\"2020-06-15T09:05:32+00:00\",\"mainEntityOfPage\":{\"@id\":\"https:\\\/\\\/www.armonizarteconfengshui.com\\\/ca\\\/el-bagua-i-els-olis-essencials-a-la-teva-llar-viatges-i-mecenes\\\/\"},\"wordCount\":1229,\"commentCount\":0,\"image\":{\"@id\":\"https:\\\/\\\/www.armonizarteconfengshui.com\\\/ca\\\/el-bagua-i-els-olis-essencials-a-la-teva-llar-viatges-i-mecenes\\\/#primaryimage\"},\"thumbnailUrl\":\"https:\\\/\\\/www.armonizarteconfengshui.com\\\/wp-content\\\/uploads\\\/2020\\\/06\\\/viajes-y-mecenas-2.jpg\",\"articleSection\":[\"Bagua i Olis Essencials\"],\"inLanguage\":\"ca\",\"potentialAction\":[{\"@type\":\"CommentAction\",\"name\":\"Comment\",\"target\":[\"https:\\\/\\\/www.armonizarteconfengshui.com\\\/ca\\\/el-bagua-i-els-olis-essencials-a-la-teva-llar-viatges-i-mecenes\\\/#respond\"]}]},{\"@type\":\"WebPage\",\"@id\":\"https:\\\/\\\/www.armonizarteconfengshui.com\\\/ca\\\/el-bagua-i-els-olis-essencials-a-la-teva-llar-viatges-i-mecenes\\\/\",\"url\":\"https:\\\/\\\/www.armonizarteconfengshui.com\\\/ca\\\/el-bagua-i-els-olis-essencials-a-la-teva-llar-viatges-i-mecenes\\\/\",\"name\":\"El Bagua i els Olis Essencials a la teva llar: Viatges i Mecenes - Armonizarte con Feng Shui, by Sarah Balat\",\"isPartOf\":{\"@id\":\"https:\\\/\\\/www.armonizarteconfengshui.com\\\/ca\\\/#website\"},\"primaryImageOfPage\":{\"@id\":\"https:\\\/\\\/www.armonizarteconfengshui.com\\\/ca\\\/el-bagua-i-els-olis-essencials-a-la-teva-llar-viatges-i-mecenes\\\/#primaryimage\"},\"image\":{\"@id\":\"https:\\\/\\\/www.armonizarteconfengshui.com\\\/ca\\\/el-bagua-i-els-olis-essencials-a-la-teva-llar-viatges-i-mecenes\\\/#primaryimage\"},\"thumbnailUrl\":\"https:\\\/\\\/www.armonizarteconfengshui.com\\\/wp-content\\\/uploads\\\/2020\\\/06\\\/viajes-y-mecenas-2.jpg\",\"datePublished\":\"2020-06-15T09:00:41+00:00\",\"dateModified\":\"2020-06-15T09:05:32+00:00\",\"author\":{\"@id\":\"https:\\\/\\\/www.armonizarteconfengshui.com\\\/ca\\\/#\\\/schema\\\/person\\\/c584b8755f8973645ae42ddadce3e20d\"},\"description\":\"El sector dels Viatges i dels Mecenes trobem tot all\u00f2 vinculat amb els viatges que fem i els aprenentatges que fem a ells. I \u00e9s que viatjar ens enriqueix a molts nivells, com per exemple en saviesa i en humilitat. A m\u00e9s situem en aquest espai elements que potenci\u00efn les ajudes externes, doncs aqu\u00ed es simbolitza tot all\u00f2 que rebem dels nostres mentors, guies, de l'energia de l'Univers.\",\"breadcrumb\":{\"@id\":\"https:\\\/\\\/www.armonizarteconfengshui.com\\\/ca\\\/el-bagua-i-els-olis-essencials-a-la-teva-llar-viatges-i-mecenes\\\/#breadcrumb\"},\"inLanguage\":\"ca\",\"potentialAction\":[{\"@type\":\"ReadAction\",\"target\":[\"https:\\\/\\\/www.armonizarteconfengshui.com\\\/ca\\\/el-bagua-i-els-olis-essencials-a-la-teva-llar-viatges-i-mecenes\\\/\"]}]},{\"@type\":\"ImageObject\",\"inLanguage\":\"ca\",\"@id\":\"https:\\\/\\\/www.armonizarteconfengshui.com\\\/ca\\\/el-bagua-i-els-olis-essencials-a-la-teva-llar-viatges-i-mecenes\\\/#primaryimage\",\"url\":\"https:\\\/\\\/www.armonizarteconfengshui.com\\\/wp-content\\\/uploads\\\/2020\\\/06\\\/viajes-y-mecenas-2.jpg\",\"contentUrl\":\"https:\\\/\\\/www.armonizarteconfengshui.com\\\/wp-content\\\/uploads\\\/2020\\\/06\\\/viajes-y-mecenas-2.jpg\",\"width\":1920,\"height\":1280},{\"@type\":\"BreadcrumbList\",\"@id\":\"https:\\\/\\\/www.armonizarteconfengshui.com\\\/ca\\\/el-bagua-i-els-olis-essencials-a-la-teva-llar-viatges-i-mecenes\\\/#breadcrumb\",\"itemListElement\":[{\"@type\":\"ListItem\",\"position\":1,\"name\":\"Portada\",\"item\":\"https:\\\/\\\/www.armonizarteconfengshui.com\\\/ca\\\/\"},{\"@type\":\"ListItem\",\"position\":2,\"name\":\"El Bagua i els Olis Essencials a la teva llar: Viatges i Mecenes\"}]},{\"@type\":\"WebSite\",\"@id\":\"https:\\\/\\\/www.armonizarteconfengshui.com\\\/ca\\\/#website\",\"url\":\"https:\\\/\\\/www.armonizarteconfengshui.com\\\/ca\\\/\",\"name\":\"Armonizarte con Feng Shui, by Sarah Balat\",\"description\":\"Armoniza tu vida, armonizando tu espacio\",\"potentialAction\":[{\"@type\":\"SearchAction\",\"target\":{\"@type\":\"EntryPoint\",\"urlTemplate\":\"https:\\\/\\\/www.armonizarteconfengshui.com\\\/ca\\\/?s={search_term_string}\"},\"query-input\":{\"@type\":\"PropertyValueSpecification\",\"valueRequired\":true,\"valueName\":\"search_term_string\"}}],\"inLanguage\":\"ca\"},{\"@type\":\"Person\",\"@id\":\"https:\\\/\\\/www.armonizarteconfengshui.com\\\/ca\\\/#\\\/schema\\\/person\\\/c584b8755f8973645ae42ddadce3e20d\",\"name\":\"Sarah Balat Mendoza\",\"image\":{\"@type\":\"ImageObject\",\"inLanguage\":\"ca\",\"@id\":\"https:\\\/\\\/secure.gravatar.com\\\/avatar\\\/7ea941209c8f97568b64cc9342c46bdc9856945c1e73ba413293b8c4a731aef4?s=96&d=mm&r=g\",\"url\":\"https:\\\/\\\/secure.gravatar.com\\\/avatar\\\/7ea941209c8f97568b64cc9342c46bdc9856945c1e73ba413293b8c4a731aef4?s=96&d=mm&r=g\",\"contentUrl\":\"https:\\\/\\\/secure.gravatar.com\\\/avatar\\\/7ea941209c8f97568b64cc9342c46bdc9856945c1e73ba413293b8c4a731aef4?s=96&d=mm&r=g\",\"caption\":\"Sarah Balat Mendoza\"},\"sameAs\":[\"https:\\\/\\\/www.armonizarteconfengshui.com\\\/\"],\"url\":\"https:\\\/\\\/www.armonizarteconfengshui.com\\\/ca\\\/author\\\/sarah-admin\\\/\"}]}<\/script>\n<!-- \/ Yoast SEO plugin. -->","yoast_head_json":{"title":"El Bagua i els Olis Essencials a la teva llar: Viatges i Mecenes - Armonizarte con Feng Shui, by Sarah Balat","description":"El sector dels Viatges i dels Mecenes trobem tot all\u00f2 vinculat amb els viatges que fem i els aprenentatges que fem a ells. I \u00e9s que viatjar ens enriqueix a molts nivells, com per exemple en saviesa i en humilitat. A m\u00e9s situem en aquest espai elements que potenci\u00efn les ajudes externes, doncs aqu\u00ed es simbolitza tot all\u00f2 que rebem dels nostres mentors, guies, de l'energia de l'Univers.","robots":{"index":"index","follow":"follow","max-snippet":"max-snippet:-1","max-image-preview":"max-image-preview:large","max-video-preview":"max-video-preview:-1"},"canonical":"https:\/\/www.armonizarteconfengshui.com\/ca\/el-bagua-i-els-olis-essencials-a-la-teva-llar-viatges-i-mecenes\/","og_locale":"ca_ES","og_type":"article","og_title":"El Bagua i els Olis Essencials a la teva llar: Viatges i Mecenes - Armonizarte con Feng Shui, by Sarah Balat","og_description":"El sector dels Viatges i dels Mecenes trobem tot all\u00f2 vinculat amb els viatges que fem i els aprenentatges que fem a ells. I \u00e9s que viatjar ens enriqueix a molts nivells, com per exemple en saviesa i en humilitat. A m\u00e9s situem en aquest espai elements que potenci\u00efn les ajudes externes, doncs aqu\u00ed es simbolitza tot all\u00f2 que rebem dels nostres mentors, guies, de l'energia de l'Univers.","og_url":"https:\/\/www.armonizarteconfengshui.com\/ca\/el-bagua-i-els-olis-essencials-a-la-teva-llar-viatges-i-mecenes\/","og_site_name":"Armonizarte con Feng Shui, by Sarah Balat","article_publisher":"https:\/\/www.facebook.com\/armonizarteconfengshui\/","article_published_time":"2020-06-15T09:00:41+00:00","article_modified_time":"2020-06-15T09:05:32+00:00","og_image":[{"width":1920,"height":1280,"url":"https:\/\/www.armonizarteconfengshui.com\/wp-content\/uploads\/2020\/06\/viajes-y-mecenas-2.jpg","type":"image\/jpeg"}],"author":"Sarah Balat Mendoza","twitter_card":"summary_large_image","twitter_misc":{"Escrit per":"Sarah Balat Mendoza","Temps estimat de lectura":"6 minuts"},"schema":{"@context":"https:\/\/schema.org","@graph":[{"@type":"Article","@id":"https:\/\/www.armonizarteconfengshui.com\/ca\/el-bagua-i-els-olis-essencials-a-la-teva-llar-viatges-i-mecenes\/#article","isPartOf":{"@id":"https:\/\/www.armonizarteconfengshui.com\/ca\/el-bagua-i-els-olis-essencials-a-la-teva-llar-viatges-i-mecenes\/"},"author":{"name":"Sarah Balat Mendoza","@id":"https:\/\/www.armonizarteconfengshui.com\/ca\/#\/schema\/person\/c584b8755f8973645ae42ddadce3e20d"},"headline":"El Bagua i els Olis Essencials a la teva llar: Viatges i Mecenes","datePublished":"2020-06-15T09:00:41+00:00","dateModified":"2020-06-15T09:05:32+00:00","mainEntityOfPage":{"@id":"https:\/\/www.armonizarteconfengshui.com\/ca\/el-bagua-i-els-olis-essencials-a-la-teva-llar-viatges-i-mecenes\/"},"wordCount":1229,"commentCount":0,"image":{"@id":"https:\/\/www.armonizarteconfengshui.com\/ca\/el-bagua-i-els-olis-essencials-a-la-teva-llar-viatges-i-mecenes\/#primaryimage"},"thumbnailUrl":"https:\/\/www.armonizarteconfengshui.com\/wp-content\/uploads\/2020\/06\/viajes-y-mecenas-2.jpg","articleSection":["Bagua i Olis Essencials"],"inLanguage":"ca","potentialAction":[{"@type":"CommentAction","name":"Comment","target":["https:\/\/www.armonizarteconfengshui.com\/ca\/el-bagua-i-els-olis-essencials-a-la-teva-llar-viatges-i-mecenes\/#respond"]}]},{"@type":"WebPage","@id":"https:\/\/www.armonizarteconfengshui.com\/ca\/el-bagua-i-els-olis-essencials-a-la-teva-llar-viatges-i-mecenes\/","url":"https:\/\/www.armonizarteconfengshui.com\/ca\/el-bagua-i-els-olis-essencials-a-la-teva-llar-viatges-i-mecenes\/","name":"El Bagua i els Olis Essencials a la teva llar: Viatges i Mecenes - Armonizarte con Feng Shui, by Sarah Balat","isPartOf":{"@id":"https:\/\/www.armonizarteconfengshui.com\/ca\/#website"},"primaryImageOfPage":{"@id":"https:\/\/www.armonizarteconfengshui.com\/ca\/el-bagua-i-els-olis-essencials-a-la-teva-llar-viatges-i-mecenes\/#primaryimage"},"image":{"@id":"https:\/\/www.armonizarteconfengshui.com\/ca\/el-bagua-i-els-olis-essencials-a-la-teva-llar-viatges-i-mecenes\/#primaryimage"},"thumbnailUrl":"https:\/\/www.armonizarteconfengshui.com\/wp-content\/uploads\/2020\/06\/viajes-y-mecenas-2.jpg","datePublished":"2020-06-15T09:00:41+00:00","dateModified":"2020-06-15T09:05:32+00:00","author":{"@id":"https:\/\/www.armonizarteconfengshui.com\/ca\/#\/schema\/person\/c584b8755f8973645ae42ddadce3e20d"},"description":"El sector dels Viatges i dels Mecenes trobem tot all\u00f2 vinculat amb els viatges que fem i els aprenentatges que fem a ells. I \u00e9s que viatjar ens enriqueix a molts nivells, com per exemple en saviesa i en humilitat. A m\u00e9s situem en aquest espai elements que potenci\u00efn les ajudes externes, doncs aqu\u00ed es simbolitza tot all\u00f2 que rebem dels nostres mentors, guies, de l'energia de l'Univers.","breadcrumb":{"@id":"https:\/\/www.armonizarteconfengshui.com\/ca\/el-bagua-i-els-olis-essencials-a-la-teva-llar-viatges-i-mecenes\/#breadcrumb"},"inLanguage":"ca","potentialAction":[{"@type":"ReadAction","target":["https:\/\/www.armonizarteconfengshui.com\/ca\/el-bagua-i-els-olis-essencials-a-la-teva-llar-viatges-i-mecenes\/"]}]},{"@type":"ImageObject","inLanguage":"ca","@id":"https:\/\/www.armonizarteconfengshui.com\/ca\/el-bagua-i-els-olis-essencials-a-la-teva-llar-viatges-i-mecenes\/#primaryimage","url":"https:\/\/www.armonizarteconfengshui.com\/wp-content\/uploads\/2020\/06\/viajes-y-mecenas-2.jpg","contentUrl":"https:\/\/www.armonizarteconfengshui.com\/wp-content\/uploads\/2020\/06\/viajes-y-mecenas-2.jpg","width":1920,"height":1280},{"@type":"BreadcrumbList","@id":"https:\/\/www.armonizarteconfengshui.com\/ca\/el-bagua-i-els-olis-essencials-a-la-teva-llar-viatges-i-mecenes\/#breadcrumb","itemListElement":[{"@type":"ListItem","position":1,"name":"Portada","item":"https:\/\/www.armonizarteconfengshui.com\/ca\/"},{"@type":"ListItem","position":2,"name":"El Bagua i els Olis Essencials a la teva llar: Viatges i Mecenes"}]},{"@type":"WebSite","@id":"https:\/\/www.armonizarteconfengshui.com\/ca\/#website","url":"https:\/\/www.armonizarteconfengshui.com\/ca\/","name":"Armonizarte con Feng Shui, by Sarah Balat","description":"Armoniza tu vida, armonizando tu espacio","potentialAction":[{"@type":"SearchAction","target":{"@type":"EntryPoint","urlTemplate":"https:\/\/www.armonizarteconfengshui.com\/ca\/?s={search_term_string}"},"query-input":{"@type":"PropertyValueSpecification","valueRequired":true,"valueName":"search_term_string"}}],"inLanguage":"ca"},{"@type":"Person","@id":"https:\/\/www.armonizarteconfengshui.com\/ca\/#\/schema\/person\/c584b8755f8973645ae42ddadce3e20d","name":"Sarah Balat Mendoza","image":{"@type":"ImageObject","inLanguage":"ca","@id":"https:\/\/secure.gravatar.com\/avatar\/7ea941209c8f97568b64cc9342c46bdc9856945c1e73ba413293b8c4a731aef4?s=96&d=mm&r=g","url":"https:\/\/secure.gravatar.com\/avatar\/7ea941209c8f97568b64cc9342c46bdc9856945c1e73ba413293b8c4a731aef4?s=96&d=mm&r=g","contentUrl":"https:\/\/secure.gravatar.com\/avatar\/7ea941209c8f97568b64cc9342c46bdc9856945c1e73ba413293b8c4a731aef4?s=96&d=mm&r=g","caption":"Sarah Balat Mendoza"},"sameAs":["https:\/\/www.armonizarteconfengshui.com\/"],"url":"https:\/\/www.armonizarteconfengshui.com\/ca\/author\/sarah-admin\/"}]}},"_links":{"self":[{"href":"https:\/\/www.armonizarteconfengshui.com\/ca\/wp-json\/wp\/v2\/posts\/955","targetHints":{"allow":["GET"]}}],"collection":[{"href":"https:\/\/www.armonizarteconfengshui.com\/ca\/wp-json\/wp\/v2\/posts"}],"about":[{"href":"https:\/\/www.armonizarteconfengshui.com\/ca\/wp-json\/wp\/v2\/types\/post"}],"author":[{"embeddable":true,"href":"https:\/\/www.armonizarteconfengshui.com\/ca\/wp-json\/wp\/v2\/users\/2"}],"replies":[{"embeddable":true,"href":"https:\/\/www.armonizarteconfengshui.com\/ca\/wp-json\/wp\/v2\/comments?post=955"}],"version-history":[{"count":8,"href":"https:\/\/www.armonizarteconfengshui.com\/ca\/wp-json\/wp\/v2\/posts\/955\/revisions"}],"predecessor-version":[{"id":974,"href":"https:\/\/www.armonizarteconfengshui.com\/ca\/wp-json\/wp\/v2\/posts\/955\/revisions\/974"}],"wp:featuredmedia":[{"embeddable":true,"href":"https:\/\/www.armonizarteconfengshui.com\/ca\/wp-json\/wp\/v2\/media\/959"}],"wp:attachment":[{"href":"https:\/\/www.armonizarteconfengshui.com\/ca\/wp-json\/wp\/v2\/media?parent=955"}],"wp:term":[{"taxonomy":"category","embeddable":true,"href":"https:\/\/www.armonizarteconfengshui.com\/ca\/wp-json\/wp\/v2\/categories?post=955"},{"taxonomy":"post_tag","embeddable":true,"href":"https:\/\/www.armonizarteconfengshui.com\/ca\/wp-json\/wp\/v2\/tags?post=955"}],"curies":[{"name":"wp","href":"https:\/\/api.w.org\/{rel}","templated":true}]}}