{"id":976,"date":"2020-06-22T09:00:30","date_gmt":"2020-06-22T09:00:30","guid":{"rendered":"https:\/\/www.armonizarteconfengshui.com\/?p=976"},"modified":"2020-06-22T09:15:02","modified_gmt":"2020-06-22T09:15:02","slug":"el-bagua-i-els-olis-essencial-s-a-la-teva-llar-prosperitat","status":"publish","type":"post","link":"https:\/\/www.armonizarteconfengshui.com\/ca\/el-bagua-i-els-olis-essencial-s-a-la-teva-llar-prosperitat\/","title":{"rendered":"El Bagua i els Olis Essencials a la teva llar: Prosperitat"},"content":{"rendered":"<div class=\"wpb-content-wrapper\"><p>[vc_row css_animation=&#8221;&#8221; row_type=&#8221;row&#8221; use_row_as_full_screen_section=&#8221;no&#8221; type=&#8221;full_width&#8221; angled_section=&#8221;no&#8221; text_align=&#8221;left&#8221; background_image_as_pattern=&#8221;without_pattern&#8221;][vc_column][vc_column_text]<\/p>\n<h2 align=\"center\"><em><strong><span style=\"color: #000000\"><span style=\"font-family: Arial\"><span style=\"font-size: medium\">PORTA LA TEVA VIDA AL M\u00c0XIM NIVELL<\/span><\/span><\/span><\/strong><\/em><\/h2>\n<p align=\"justify\"><span style=\"color: #000000\"><span style=\"font-family: Arial, sans-serif\"><span style=\"font-size: medium\">Aquest article \u00e9s el sis\u00e8 d&#8217;una s\u00e8rie de 9 posts que s&#8217;inicien amb <\/span><\/span><\/span><span style=\"color: #c9211e\"><span style=\"font-family: Arial, sans-serif\"><span style=\"font-size: medium\"><span style=\"color: #ff0000\"><a style=\"color: #ff0000\" href=\"https:\/\/www.armonizarteconfengshui.com\/el-bagua-y-los-aceites-esenciales-en-tu-hogar-introduccion\/\">El bagua i els olis essencials a la teva llar: introducci\u00f3<\/a><\/span>,<\/span><\/span><\/span> <span style=\"color: #000000\"><span style=\"font-family: Arial, sans-serif\"><span style=\"font-size: medium\">el qual et recomano llegir perqu\u00e8 entenguis la meva intenci\u00f3 a <\/span><\/span><\/span><span style=\"color: #000000\"><span style=\"font-family: Arial, sans-serif\"><span style=\"font-size: medium\">l\u2019hora d<\/span><\/span><\/span><span style=\"color: #000000\"><span style=\"font-family: Arial, sans-serif\"><span style=\"font-size: medium\">&#8216;escriure aquest post i els altres de la mateixa s\u00e8rie. Aqu\u00ed <\/span><\/span><\/span><span style=\"color: #000000\"><span style=\"font-family: Arial, sans-serif\"><span style=\"font-size: medium\">tractarem<\/span><\/span><\/span><span style=\"color: #000000\"><span style=\"font-family: Arial, sans-serif\"><span style=\"font-size: medium\"> espec\u00edficament una de <\/span><\/span><\/span><span style=\"color: #000000\"><span style=\"font-family: Arial, sans-serif\"><span style=\"font-size: medium\"><i><b>&#8220;les 8 aspiracions de l&#8217;\u00e9sser hum\u00e0&#8221;<\/b><\/i><\/span><\/span><\/span><span style=\"color: #000000\"><span style=\"font-family: Arial, sans-serif\"><span style=\"font-size: medium\"> que ens presenta<\/span><\/span><\/span><span style=\"color: #000000\"><span style=\"font-family: Arial, sans-serif\"><span style=\"font-size: medium\"><i><b> l&#8217;escola de<\/b><\/i><\/span><\/span><\/span><span style=\"color: #000000\"><span style=\"font-family: Arial, sans-serif\"><span style=\"font-size: medium\"><i><b>l <\/b><\/i><\/span><\/span><\/span><span style=\"color: #000000\"><span style=\"font-family: Arial, sans-serif\"><span style=\"font-size: medium\"><i><b>Bagua <\/b><\/i><\/span><\/span><\/span><span style=\"color: #000000\"><span style=\"font-family: Arial, sans-serif\"><span style=\"font-size: medium\">de Feng Shui.<\/span><\/span><\/span><\/p>\n<p align=\"justify\"><span style=\"color: #000000\"><span style=\"font-family: Arial, sans-serif\"><span style=\"font-size: medium\"><img loading=\"lazy\" decoding=\"async\" class=\" wp-image-839 alignleft\" src=\"https:\/\/www.armonizarteconfengshui.com\/wp-content\/uploads\/2020\/05\/Mapa-Bagua-300x300.jpg\" alt=\"\" width=\"255\" height=\"255\" srcset=\"https:\/\/www.armonizarteconfengshui.com\/wp-content\/uploads\/2020\/05\/Mapa-Bagua-300x300.jpg 300w, https:\/\/www.armonizarteconfengshui.com\/wp-content\/uploads\/2020\/05\/Mapa-Bagua-1024x1024.jpg 1024w, https:\/\/www.armonizarteconfengshui.com\/wp-content\/uploads\/2020\/05\/Mapa-Bagua-150x150.jpg 150w, https:\/\/www.armonizarteconfengshui.com\/wp-content\/uploads\/2020\/05\/Mapa-Bagua-768x768.jpg 768w, https:\/\/www.armonizarteconfengshui.com\/wp-content\/uploads\/2020\/05\/Mapa-Bagua-570x570.jpg 570w, https:\/\/www.armonizarteconfengshui.com\/wp-content\/uploads\/2020\/05\/Mapa-Bagua-500x500.jpg 500w, https:\/\/www.armonizarteconfengshui.com\/wp-content\/uploads\/2020\/05\/Mapa-Bagua-1000x1000.jpg 1000w, https:\/\/www.armonizarteconfengshui.com\/wp-content\/uploads\/2020\/05\/Mapa-Bagua-700x700.jpg 700w, https:\/\/www.armonizarteconfengshui.com\/wp-content\/uploads\/2020\/05\/Mapa-Bagua.jpg 1280w\" sizes=\"auto, (max-width: 255px) 100vw, 255px\" \/><\/span><\/span><\/span><\/p>\n<p align=\"justify\"><span style=\"font-family: Arial, sans-serif\"><span style=\"color: #000000\"><span style=\"font-size: medium\">Recordem que <\/span><\/span><span style=\"color: #000000\"><span style=\"font-size: medium\"><i><b>l&#8217;escola del Bagua<\/b><\/i><\/span><\/span><span style=\"color: #000000\"><span style=\"font-size: medium\"> treballa amb l&#8217;aplicaci\u00f3 d&#8217;un sistema de parcel\u00b7laci\u00f3 de 8 sectors sobre l&#8217;espai a estudiar. En aquest cas tractarem l&#8217;aspiraci\u00f3 que es relaciona amb la<\/span><\/span><strong><span style=\"color: #000000\"><span style=\"font-size: medium\"> Prosperitat.<\/span><\/span><\/strong><\/span><\/p>\n<p align=\"justify\"><span style=\"color: #000000\"><span style=\"font-family: Arial, sans-serif\"><span style=\"font-size: medium\">Aquest sector es relaciona amb tot all\u00f2 que conforma la idea de prosperitat de cada persona, ja que no tots tenim el mateix concepte sobre aquest terme. Tot i aix\u00f2, tots solem coincidir que desitgem que ens vagi el millor possible en relaci\u00f3 als diners, la salut, el treball, les relacions &#8230;, \u00e9s a dir, amb totes les facetes de les nostres vides.<\/span><\/span><\/span><\/p>\n<p align=\"justify\"><span style=\"color: #000000\"><span style=\"font-family: Arial, sans-serif\"><span style=\"font-size: medium\">Recorda que l&#8217;actitud davant la vida \u00e9s molt important per a generar que les coses succeeixin d&#8217;una manera o altra. Aix\u00ed doncs, pensar en positiu i creure&#8217;t de veritat que mereixes tota l&#8217;abund\u00e0ncia que la vida t\u00e9 per a tu, \u00e9s un <\/span><\/span><\/span><span style=\"color: #000000\"><span style=\"font-family: Arial, sans-serif\"><span style=\"font-size: medium\">punt molt positiu<\/span><\/span><\/span><span style=\"color: #000000\"><span style=\"font-family: Arial, sans-serif\"><span style=\"font-size: medium\"> en aquest proc\u00e9s. Obre&#8217;t a rebre i agrair els regals que la vida t\u00e9 per a tu.<\/span><\/span><\/span><\/p>\n<p align=\"justify\"><span style=\"font-family: Arial, sans-serif\"><span style=\"color: #000000\"><span style=\"font-size: medium\">Aquesta aspiraci\u00f3 es troba situada a la zona<\/span><\/span> <span style=\"color: #000000\"><span style=\"font-size: medium\"><i><u><b>Su<\/b><\/u><\/i><\/span><\/span><span style=\"color: #000000\"><span style=\"font-size: medium\"><i><u><b>d<\/b><\/u><\/i><\/span><\/span><span style=\"color: #000000\"><span style=\"font-size: medium\"><i><u><b>Es<\/b><\/u><\/i><\/span><\/span><span style=\"color: #000000\"><span style=\"font-size: medium\"><i><u><b>t<\/b><\/u><\/i><\/span><\/span><span style=\"color: #000000\"><span style=\"font-size: medium\"> de la teva llar o del teu lloc de treball, i est\u00e0 representada per l&#8217;element<\/span><\/span> <span style=\"color: #000000\"><span style=\"font-size: medium\"><i><u><b>Fusta<\/b><\/u><\/i><\/span><\/span><span style=\"color: #000000\"><span style=\"font-size: medium\">.<\/span><\/span><\/span><\/p>\n<h3 align=\"justify\"><span style=\"color: #000000\"><span style=\"font-family: Arial, sans-serif\"><span style=\"font-size: medium\"><u><b>DECORACI\u00d3<\/b><\/u><\/span><\/span><\/span><\/h3>\n<p align=\"justify\"><span style=\"color: #000000\"><span style=\"font-family: Arial, sans-serif\"><span style=\"font-size: medium\">L&#8217;element Fusta s&#8217;associa als<\/span><\/span><\/span><span style=\"color: #000000\"><span style=\"font-family: Arial, sans-serif\"><span style=\"font-size: medium\"><b> colors<\/b><\/span><\/span><\/span> <span style=\"color: #000000\"><span style=\"font-family: Arial\"><span style=\"font-size: medium\">v<\/span><\/span><\/span><span style=\"color: #000000\"><span style=\"font-family: Arial\"><span style=\"font-size: medium\">erd<\/span><\/span><\/span><span style=\"color: #000000\"><span style=\"font-family: Arial\"><span style=\"font-size: medium\">s<\/span><\/span><\/span> <span style=\"color: #000000\"><span style=\"font-family: Arial\"><span style=\"font-size: medium\">i<\/span><\/span><\/span><span style=\"color: #000000\"><span style=\"font-family: Arial\"><span style=\"font-size: medium\"> marr\u00f3 <\/span><\/span><\/span><span style=\"color: #000000\"><span style=\"font-family: Arial\"><span style=\"font-size: medium\">fosc<\/span><\/span><\/span><span style=\"color: #000000\"><span style=\"font-family: Arial, sans-serif\"><span style=\"font-size: medium\">; <\/span><\/span><\/span><span style=\"color: #000000\"><span style=\"font-family: Arial, sans-serif\"><span style=\"font-size: medium\">i a les<\/span><\/span><\/span><span style=\"color: #000000\"><span style=\"font-family: Arial, sans-serif\"><span style=\"font-size: medium\"> l<\/span><\/span><\/span><span style=\"color: #000000\"><span style=\"font-family: Arial, sans-serif\"><span style=\"font-size: medium\">as <\/span><\/span><\/span><span style=\"color: #000000\"><span style=\"font-family: Arial, sans-serif\"><span style=\"font-size: medium\"><b>form<\/b><\/span><\/span><\/span><span style=\"color: #000000\"><span style=\"font-family: Arial, sans-serif\"><span style=\"font-size: medium\"><b>e<\/b><\/span><\/span><\/span><span style=\"color: #000000\"><span style=\"font-family: Arial, sans-serif\"><span style=\"font-size: medium\"><b>s<\/b><\/span><\/span><\/span> <span style=\"color: #000000\"><span style=\"font-family: Arial, sans-serif\"><span style=\"font-size: medium\">r<\/span><\/span><\/span><span style=\"color: #000000\"><span style=\"font-family: Arial, sans-serif\"><span style=\"font-size: medium\">ectangulars en posici\u00f3 vertical com column<\/span><\/span><\/span><span style=\"color: #000000\"><span style=\"font-family: Arial, sans-serif\"><span style=\"font-size: medium\">e<\/span><\/span><\/span><span style=\"color: #000000\"><span style=\"font-family: Arial, sans-serif\"><span style=\"font-size: medium\">s, pilars, m<\/span><\/span><\/span><span style=\"color: #000000\"><span style=\"font-family: Arial, sans-serif\"><span style=\"font-size: medium\">o<\/span><\/span><\/span><span style=\"color: #000000\"><span style=\"font-family: Arial, sans-serif\"><span style=\"font-size: medium\">bles verticals o <\/span><\/span><\/span><span style=\"color: #000000\"><span style=\"font-family: Arial, sans-serif\"><span style=\"font-size: medium\">g<\/span><\/span><\/span><span style=\"color: #000000\"><span style=\"font-family: Arial, sans-serif\"><span style=\"font-size: medium\">ra<\/span><\/span><\/span><span style=\"color: #000000\"><span style=\"font-family: Arial, sans-serif\"><span style=\"font-size: medium\">tac<\/span><\/span><\/span><span style=\"color: #000000\"><span style=\"font-family: Arial, sans-serif\"><span style=\"font-size: medium\">els<\/span><\/span><\/span><span style=\"color: #c9211e\"><span style=\"font-family: Arial, sans-serif\"><span style=\"font-size: medium\">.<\/span><\/span><\/span> <span style=\"color: #000000\"><span style=\"font-family: Arial, sans-serif\"><span style=\"font-size: medium\">Per aquest motiu t\u2019ofereixo a continuaci\u00f3 algunes recomanacions que et poden donar idees per decorar aquesta zona de casa teva. <\/span><\/span><\/span><\/p>\n<p align=\"justify\"><span style=\"color: #000000\"><span style=\"font-family: Arial, sans-serif\"><span style=\"font-size: medium\">-Les plantes en general s\u00f3n representatives d&#8217;aquest element. T&#8217;aconsello que siguin de fulla rodona, ja que les plantes de fulles punxegudes tipus palmeres o cactus, punxen la informaci\u00f3 que volem transmetre.<\/span><\/span><\/span><\/p>\n<p align=\"justify\"><span style=\"color: #000000\"><span style=\"font-family: Arial, sans-serif\"><span style=\"font-size: medium\">-Els paisatges que expressin l&#8217;esplendor de la primavera.<\/span><\/span><\/span><\/p>\n<p align=\"justify\"><span style=\"color: #000000\"><span style=\"font-family: Arial, sans-serif\"><span style=\"font-size: medium\">-Aquells mobles i estris fabricats en fusta, v\u00edmet, bamb\u00fa o canya.<\/span><\/span><\/span><\/p>\n<p align=\"justify\"><span style=\"color: #000000\"><span style=\"font-family: Arial, sans-serif\"><span style=\"font-size: medium\">-Els estampats, sobretot amb motius florals.<\/span><\/span><\/span><\/p>\n<p align=\"justify\"><span style=\"color: #000000\"><span style=\"font-family: Arial, sans-serif\"><span style=\"font-size: medium\"><img loading=\"lazy\" decoding=\"async\" class=\"size-medium wp-image-983 alignright\" src=\"https:\/\/www.armonizarteconfengshui.com\/wp-content\/uploads\/2020\/06\/Madera-1-300x169.jpg\" alt=\"\" width=\"300\" height=\"169\" srcset=\"https:\/\/www.armonizarteconfengshui.com\/wp-content\/uploads\/2020\/06\/Madera-1-300x169.jpg 300w, https:\/\/www.armonizarteconfengshui.com\/wp-content\/uploads\/2020\/06\/Madera-1-1024x576.jpg 1024w, https:\/\/www.armonizarteconfengshui.com\/wp-content\/uploads\/2020\/06\/Madera-1-768x432.jpg 768w, https:\/\/www.armonizarteconfengshui.com\/wp-content\/uploads\/2020\/06\/Madera-1-700x394.jpg 700w, https:\/\/www.armonizarteconfengshui.com\/wp-content\/uploads\/2020\/06\/Madera-1-539x303.jpg 539w, https:\/\/www.armonizarteconfengshui.com\/wp-content\/uploads\/2020\/06\/Madera-1.jpg 1280w\" sizes=\"auto, (max-width: 300px) 100vw, 300px\" \/>-Tamb\u00e9 els terres de parquet.<\/span><\/span><\/span><\/p>\n<p align=\"justify\"><span style=\"color: #000000\"><span style=\"font-family: Arial, sans-serif\"><span style=\"font-size: medium\">-Aix\u00ed com el paper (llibres) i cartr\u00f3.<\/span><\/span><\/span><\/p>\n<p align=\"justify\"><span style=\"color: #000000\"><span style=\"font-family: Arial, sans-serif\"><span style=\"font-size: medium\">-Les cadires de respatller alt i estret.<\/span><\/span><\/span><\/p>\n<p align=\"justify\"><span style=\"color: #000000\"><span style=\"font-family: Arial, sans-serif\"><span style=\"font-size: medium\">-Totes les flors, tan naturals com artificials.<\/span><\/span><\/span><\/p>\n<p align=\"justify\"><span style=\"color: #000000\"><span style=\"font-family: Arial, sans-serif\"><span style=\"font-size: medium\">-Les teles de cot\u00f3, c\u00e0nem, r\u00e0fia &#8230;<\/span><\/span><\/span><\/p>\n<p align=\"justify\"><span style=\"color: #000000\"><span style=\"font-family: Arial, sans-serif\"><span style=\"font-size: medium\">-El suro i qualsevol tipus de fusta.<\/span><\/span><\/span><\/p>\n<p align=\"justify\"><span style=\"color: #000000\"><span style=\"font-family: Arial, sans-serif\"><span style=\"font-size: medium\">A part de l&#8217;element fusta col\u00b7locarem en aquesta zona objectes decoratius que potenci\u00efn el nostre concepte de prosperitat, com per exemple:<\/span><\/span><\/span><\/p>\n<p align=\"justify\"><span style=\"color: #000000\"><span style=\"font-family: Arial, sans-serif\"><span style=\"font-size: medium\">-Un bol amb monedes<\/span><\/span><\/span><\/p>\n<p align=\"justify\"><span style=\"color: #000000\"><span style=\"font-family: Arial, sans-serif\"><span style=\"font-size: medium\">-Objectes que et connectin amb el benestar, amb el luxe &#8230; all\u00f2 relacionat amb el que volem atreure.<\/span><\/span><\/span><\/p>\n<p align=\"justify\"><span style=\"color: #000000\"><span style=\"font-family: Arial, sans-serif\"><span style=\"font-size: medium\">-Vinils amb frases que expressin la nostra gratitud cap a tota l&#8217;abund\u00e0ncia que permetem que arribi a la nostra vida.<\/span><\/span><\/span><\/p>\n<p align=\"justify\"><span style=\"color: #000000\"><span style=\"font-family: Arial, sans-serif\"><span style=\"font-size: medium\">-Si t&#8217;agraden els objectes relacionats directament amb la cultura oriental, una figureta de<\/span><\/span><\/span><span style=\"color: #000000\"><span style=\"font-family: Arial, sans-serif\"><span style=\"font-size: medium\">L <\/span><\/span><\/span><span style=\"color: #000000\"><span style=\"font-family: Arial, sans-serif\"><span style=\"font-size: medium\">Buda somrient de ventre gran, segons el Feng Shui, \u00e9s un s\u00edmbol de <\/span><\/span><\/span><span style=\"color: #000000\"><span style=\"font-family: Arial, sans-serif\"><span style=\"font-size: medium\">bona <\/span><\/span><\/span><span style=\"color: #000000\"><span style=\"font-family: Arial, sans-serif\"><span style=\"font-size: medium\">sort i fortuna.<\/span><\/span><\/span><\/p>\n<p align=\"justify\"><span style=\"color: #000000\"><span style=\"font-family: Arial, sans-serif\"><span style=\"font-size: medium\">-Tamb\u00e9 la granota o el gat de la sort.<\/span><\/span><\/span><\/p>\n<p align=\"justify\"><span style=\"color: #000000\"><span style=\"font-family: Arial, sans-serif\"><span style=\"font-size: medium\">-Les carabasses Wu Lou simbolitzen la bona sort i la bona salut.<\/span><\/span><\/span><\/p>\n<p align=\"justify\"><span style=\"color: #000000\"><span style=\"font-family: Arial, sans-serif\"><span style=\"font-size: medium\">Primer de tot recorda que l&#8217;equilibri \u00e9s fonamental en tots els aspectes de la vida, i per tant en el Feng Shui tamb\u00e9. Procura no sobrecarregar la decoraci\u00f3. Com hem dit en altres ocasions &#8220;Menys \u00e9s M\u00e9s&#8221;. <\/span><\/span><\/span><\/p>\n<h3 align=\"justify\"><span style=\"font-family: Arial, sans-serif\"><span style=\"color: #000000\"><span style=\"font-size: medium\"><u><b>OLI<\/b><\/u><\/span><\/span><span style=\"color: #000000\"><span style=\"font-size: medium\"><u><b> ES<\/b><\/u><\/span><\/span><span style=\"color: #000000\"><span style=\"font-size: medium\"><u><b>S<\/b><\/u><\/span><\/span><span style=\"color: #000000\"><span style=\"font-size: medium\"><u><b>ENCIAL:<\/b><\/u><\/span><\/span><span style=\"color: #000000\"><span style=\"font-size: medium\"><b> \u201c<\/b><\/span><\/span><span style=\"color: #000000\"><span style=\"font-size: medium\"><i><u><b>Abundance<\/b><\/u><\/i><\/span><\/span><span style=\"color: #000000\"><span style=\"font-size: medium\"><i><b>\u201d<\/b><\/i><\/span><\/span><\/span><\/h3>\n<p align=\"justify\"><span style=\"color: #000000\"><span style=\"font-family: Arial, sans-serif\"><span style=\"font-size: medium\">Com deia en l&#8217;article <\/span><\/span><\/span><span style=\"color: #ff0000\"><a style=\"color: #ff0000\" href=\"https:\/\/www.armonizarteconfengshui.com\/el-bagua-y-los-aceites-esenciales-en-tu-hogar-introduccion\/\"><span style=\"font-family: Arial, sans-serif\"><span style=\"font-size: medium\">El bagua i els olis essencials a la teva llar: introducci\u00f3<\/span><\/span><\/a><\/span><span style=\"color: #000000\"><span style=\"font-family: Arial, sans-serif\"><span style=\"font-size: medium\"><span style=\"color: #ff0000\">,<\/span> a part de recomanacions en la decoraci\u00f3 <\/span><\/span><\/span><span style=\"color: #000000\"><span style=\"font-family: Arial, sans-serif\"><span style=\"font-size: medium\">vull<\/span><\/span><\/span><span style=\"color: #000000\"><span style=\"font-family: Arial, sans-serif\"><span style=\"font-size: medium\"> oferir-te un plus per a l&#8217;activaci\u00f3 d&#8217;aquesta \u00e0rea de la teva vida. I ho far\u00e9 a trav\u00e9s de la recomanaci\u00f3 d&#8217;un <\/span><\/span><\/span><span style=\"color: #ff0000\"><span style=\"font-family: Arial, sans-serif\"><span style=\"font-size: medium\"><a style=\"color: #ff0000\" href=\"https:\/\/www.youngliving.com\/es_ES\/discover\">Oli Essencial<\/a>. <\/span><\/span><\/span><span style=\"color: #000000\"><span style=\"font-family: Arial, sans-serif\"><span style=\"font-size: medium\">I \u00e9s que la feina que fem amb ells ens aporta una quantitat de beneficis impressionants. Si triem l&#8217;oli adequat i l&#8217;acompanyem d&#8217;una intencionalitat concreta els resultats obtinguts poden superar qualsevol expectativa.<\/span><\/span><\/span><\/p>\n<p align=\"justify\"><span style=\"color: #000000\"><span style=\"font-family: Arial, sans-serif\"><span style=\"font-size: medium\">La qualitat de l&#8217;Oli Essencial \u00e9s primordial per obtenir m<\/span><\/span><\/span><span style=\"color: #000000\"><span style=\"font-family: Arial, sans-serif\"><span style=\"font-size: medium\">illor<\/span><\/span><\/span><span style=\"color: #000000\"><span style=\"font-family: Arial, sans-serif\"><span style=\"font-size: medium\">s resultats, per aix\u00f2, tenint en compte la meva experi\u00e8ncia personal, et recomano els que t&#8217;ofereix <span style=\"color: #ff0000\"><a style=\"color: #ff0000\" href=\"https:\/\/www.youngliving.com\/es_ES\/company\/about\">Young Living<\/a>.<\/span> La puresa d&#8217;aquests olis generen una vibraci\u00f3 preciosa per treballar diferents aspectes i experimentar els beneficis que porten a la teva vida.<\/span><\/span><\/span><\/p>\n<p align=\"justify\"><span style=\"color: #000000\"><span style=\"font-family: Arial, sans-serif\"><span style=\"font-size: medium\"><span lang=\"zxx\"><img loading=\"lazy\" decoding=\"async\" class=\"size-medium wp-image-833 alignleft\" src=\"https:\/\/www.armonizarteconfengshui.com\/wp-content\/uploads\/2020\/05\/Amor-Infinito-300x169.jpg\" alt=\"\" width=\"300\" height=\"169\" srcset=\"https:\/\/www.armonizarteconfengshui.com\/wp-content\/uploads\/2020\/05\/Amor-Infinito-300x169.jpg 300w, https:\/\/www.armonizarteconfengshui.com\/wp-content\/uploads\/2020\/05\/Amor-Infinito-1024x576.jpg 1024w, https:\/\/www.armonizarteconfengshui.com\/wp-content\/uploads\/2020\/05\/Amor-Infinito-768x432.jpg 768w, https:\/\/www.armonizarteconfengshui.com\/wp-content\/uploads\/2020\/05\/Amor-Infinito-700x394.jpg 700w, https:\/\/www.armonizarteconfengshui.com\/wp-content\/uploads\/2020\/05\/Amor-Infinito-539x303.jpg 539w, https:\/\/www.armonizarteconfengshui.com\/wp-content\/uploads\/2020\/05\/Amor-Infinito.jpg 1280w\" sizes=\"auto, (max-width: 300px) 100vw, 300px\" \/><\/span><\/span><\/span><\/span><\/p>\n<p align=\"justify\"><span style=\"color: #000000\"><span style=\"font-family: Arial, sans-serif\"><span style=\"font-size: medium\">Acompanyar aquest treball de potenciar la teva Prosperitat amb <\/span><\/span><\/span><span style=\"color: #000000\"><span style=\"font-family: Arial, sans-serif\"><span style=\"font-size: medium\">un Creixement Personal \u00e9s per a mi <\/span><\/span><\/span><span style=\"color: #000000\"><span style=\"font-family: Arial, sans-serif\"><span style=\"font-size: medium\">quelcom<\/span><\/span><\/span><span style=\"color: #000000\"><span style=\"font-family: Arial, sans-serif\"><span style=\"font-size: medium\"> inevitable, no hi ha l&#8217;un sense l&#8217;altre. Per aquest motiu, el treball amb els Olis Essencials va acompanyat d&#8217;una infinitat de recursos, cortesia de les bell\u00edssimes persones que formen p<\/span><\/span><\/span><span style=\"color: #000000\"><span style=\"font-family: Arial, sans-serif\"><span style=\"font-size: medium\">art de l&#8217;equip d&#8217;<\/span><\/span><\/span><span style=\"color: #000000\"><span style=\"font-family: Arial, sans-serif\"><span style=\"font-size: medium\"><b>Amor Infinit<\/b><\/span><\/span><\/span><span style=\"color: #000000\"><span style=\"font-family: Arial, sans-serif\"><span style=\"font-size: medium\"><b>o<\/b><\/span><\/span><\/span><span style=\"color: #000000\"><span style=\"font-family: Arial, sans-serif\"><span style=\"font-size: medium\">, amb <span style=\"color: #ff0000\"><a style=\"color: #ff0000\" href=\"https:\/\/isabellamagdala.com\/\">Isabella Magdala<\/a> <\/span>al <\/span><\/span><\/span><span style=\"color: #000000\"><span style=\"font-family: Arial, sans-serif\"><span style=\"font-size: medium\">capdavant<\/span><\/span><\/span><span style=\"color: #000000\"><span style=\"font-family: Arial, sans-serif\"><span style=\"font-size: medium\">.<\/span><\/span><\/span><\/p>\n<p align=\"justify\"><span style=\"color: #000000\"><span style=\"font-family: Arial, sans-serif\"><span style=\"font-size: medium\">Et convido a participar d&#8217;aquesta experi\u00e8ncia que generar\u00e0 un abans i un despr\u00e9s en tu, sempre compartint des del cor. Si sents que <\/span><\/span><\/span><span style=\"color: #000000\"><span style=\"font-family: Arial, sans-serif\"><span style=\"font-size: medium\">aix\u00f2 que<\/span><\/span><\/span><span style=\"color: #000000\"><span style=\"font-family: Arial, sans-serif\"><span style=\"font-size: medium\"> t&#8217;explico vibra amb tu, <\/span><\/span><\/span><span style=\"color: #ff0000\"><span style=\"font-family: Arial, sans-serif\"><span style=\"font-size: medium\"><a style=\"color: #ff0000\" href=\"https:\/\/www.youngliving.com\/vo\/#\/signup\/new-start?sponsorid=23459924&amp;enrollerid=23459924&amp;isocountrycode=ES&amp;culture=es-ES&amp;type=member\">et veig a dins!<\/a>\u00a0<\/span><\/span><\/span><\/p>\n<p align=\"justify\"><span style=\"font-family: Arial, sans-serif\"><span style=\"font-size: medium\">Et convido avui a experimentar amb <\/span><\/span><span style=\"font-family: Arial, sans-serif\"><span style=\"font-size: medium\"><i><u><b>Abund<\/b><\/u><\/i><\/span><\/span><span style=\"font-family: Arial, sans-serif\"><span style=\"font-size: medium\"><i><u><b>ance<\/b><\/u><\/i><\/span><\/span><span style=\"font-family: Arial, sans-serif\"><span style=\"font-size: medium\">, una preciosa sinergia que es va crear per real\u00e7ar la freq\u00fc\u00e8ncia de camp d&#8217;energia magn\u00e8tica harm\u00f2nica que ens envolta. L&#8217;aplicaci\u00f3 d&#8217;aquest oli activa i genera l&#8217;anomenada &#8220;la llei d&#8217;atracci\u00f3&#8221;, obrint-nos aix\u00ed <\/span><\/span><span style=\"font-family: Arial, sans-serif\"><span style=\"font-size: medium\">a <\/span><\/span><span style=\"font-family: Arial, sans-serif\"><span style=\"font-size: medium\">una gran quantitat de possibilitats.<\/span><\/span><\/p>\n<p align=\"justify\"><span style=\"font-family: Arial, sans-serif\"><span style=\"font-size: medium\">Aix\u00f2 \u00e9s a causa de l&#8217;estimulaci\u00f3, a trav\u00e9s de frag<\/span><\/span><span style=\"font-family: Arial, sans-serif\"><span style=\"font-size: medium\">\u00e0<\/span><\/span><span style=\"font-family: Arial, sans-serif\"><span style=\"font-size: medium\">nci<\/span><\/span><span style=\"font-family: Arial, sans-serif\"><span style=\"font-size: medium\">e<\/span><\/span><span style=\"font-family: Arial, sans-serif\"><span style=\"font-size: medium\">s i pensaments, dels somatides, els quals transmeten certa freq\u00fc\u00e8ncia a les c\u00e8l\u00b7lules. Quan ens concentrem en pensaments d&#8217;abund\u00e0ncia i inhalem aquest oli, es crea un ancoratge en les nostres c\u00e8l\u00b7lules on queda gravat com una empremta digital permanent.<\/span><\/span><\/p>\n<p align=\"justify\"><span style=\"font-family: Arial, sans-serif\"><span style=\"font-size: medium\"><span style=\"color: #000000\"><i><u><b>Abundance<\/b><\/u><\/i><\/span> <span style=\"color: #000000\">cont<\/span><span style=\"color: #000000\">\u00e9<\/span><span style=\"color: #000000\">, <\/span><span style=\"color: #000000\">entre <\/span><span style=\"color: #000000\">d\u2019altres<\/span><span style=\"color: #000000\">,<\/span> <span style=\"color: #000000\">els olis essencials <\/span><span style=\"color: #000000\">de<\/span><span style=\"color: #000000\">:<\/span><\/span><\/span><\/p>\n<p align=\"justify\"><span style=\"font-family: Avenir Light, serif\"><span style=\"font-size: small\"><span style=\"color: #000000\"><span style=\"font-family: Arial, sans-serif\"><span style=\"font-size: medium\"><b><img loading=\"lazy\" decoding=\"async\" class=\"size-medium wp-image-979 alignright\" src=\"https:\/\/www.armonizarteconfengshui.com\/wp-content\/uploads\/2020\/06\/Abundance-190x300.jpg\" alt=\"\" width=\"190\" height=\"300\" srcset=\"https:\/\/www.armonizarteconfengshui.com\/wp-content\/uploads\/2020\/06\/Abundance-190x300.jpg 190w, https:\/\/www.armonizarteconfengshui.com\/wp-content\/uploads\/2020\/06\/Abundance.jpg 520w\" sizes=\"auto, (max-width: 190px) 100vw, 190px\" \/><\/b><\/span><\/span><\/span><\/span><\/span><\/p>\n<p lang=\"es-ES\" align=\"justify\"><span style=\"color: #000000\"><span style=\"font-family: Arial, sans-serif\"><span style=\"font-size: medium\"><b>-Taronja<\/b> porta alegria i felicitat a la ment i el cos, i goig al cor. Aquests sentiments proporcionen suport emocional a les persones.<\/span><\/span><\/span><\/p>\n<p lang=\"es-ES\" align=\"justify\"><span style=\"color: #000000\"><span style=\"font-family: Arial, sans-serif\"><span style=\"font-size: medium\"><b>-Pachul\u00ed<\/b> \u00e9s sedant, calmant i relaxant, la qual cosa ajuda a reduir l&#8217;ansietat. Pot ajudar a tenir una influ\u00e8ncia particular en el sexe, l&#8217;energia f\u00edsica i els diners.<\/span><\/span><\/span><\/p>\n<p lang=\"es-ES\" align=\"justify\"><span style=\"color: #000000\"><span style=\"font-family: Arial, sans-serif\"><span style=\"font-size: medium\"><b>-J<\/b><b>i<\/b><b>ng<\/b><b>e<\/b><b>bre<\/b> \u00e9s un oli edificant. Pot ajudar a influenciar l&#8217;energia f\u00edsica, l&#8217;amor i el coratge.<\/span><\/span><\/span><\/p>\n<p lang=\"es-ES\" align=\"justify\"><span style=\"color: #000000\"><span style=\"font-family: Arial, sans-serif\"><span style=\"font-size: medium\"><b>-Mirra<\/b> ja que quan s&#8217;obre el cor i la ment per rebre regals, \u00e9s quan es donaran.<\/span><\/span><\/span><\/p>\n<p lang=\"es-ES\" align=\"justify\"><span style=\"color: #000000\"><span style=\"font-family: Arial, sans-serif\"><span style=\"font-size: medium\"><b>-A<\/b><b>vet<\/b> estabilitza el cos, creant l&#8217;equilibri necessari per rebre i donar. Tamb\u00e9 pot ajudar a alliberar bloquejos emocionals.<\/span><\/span><\/span><\/p>\n<p align=\"justify\"><span style=\"color: #000000\"><span style=\"font-family: Arial, sans-serif\"><span style=\"font-size: medium\">Pots fer servir <i><u><b>Abundance<\/b><\/u><\/i> de diferents formes:<\/span><\/span><\/span><\/p>\n<p align=\"justify\"><span style=\"color: #000000\"><span style=\"font-family: Arial, sans-serif\"><span style=\"font-size: medium\">-A trav\u00e9s del <a href=\"https:\/\/www.youngliving.com\/es_ES\/products\/c\/hogar\/difusores-y-utensilios\">difusor<\/a> o inhalant directament de l<span style=\"font-family: Avenir Light, serif\"><span style=\"font-size: small\">&#8216;ampolla.<\/span><\/span><\/span><\/span><\/span><\/p>\n<p align=\"justify\"><span style=\"font-family: Avenir Light, serif\"><span style=\"font-size: small\"><span style=\"color: #000000\"><span style=\"font-family: Arial, sans-serif\"><span style=\"font-size: medium\">-Amb un massatge dilu\u00eft en un\u00a0<\/span><\/span><\/span><\/span><\/span><span style=\"font-family: Avenir Light, serif\"><span style=\"font-size: small\"><a href=\"https:\/\/www.youngliving.com\/es_ES\/products\/young-living-v-6-enhanced-vegetable-oil-refill\"><span style=\"color: #ff3333\"><span style=\"font-family: Arial, sans-serif\"><span style=\"font-size: medium\"><span lang=\"es-ES\">oli vegetal portador <\/span><\/span><\/span><\/span><\/a><\/span><\/span><span style=\"font-family: Avenir Light, serif\"><span style=\"font-size: small\"><span style=\"color: #000000\"><span style=\"font-family: Arial, sans-serif\"><span style=\"font-size: medium\"><span lang=\"zxx\">als canells, darrere de les orelles, al coll i a la cara. Es pot fer servir com a perfum.<\/span><\/span><\/span><\/span><\/span><\/span><\/p>\n<p align=\"justify\"><span style=\"font-family: Avenir Light, serif\"><span style=\"font-size: small\"><span style=\"color: #000000\"><span style=\"font-family: Arial, sans-serif\"><span style=\"font-size: medium\"><span lang=\"zxx\">-Podem aplicar aquest oli en els nostres bitllets, tel\u00e8fon, ordinador, cartera, targetes de presentaci\u00f3, per atreure clients i diners.<\/span><\/span><\/span><\/span><\/span><\/span><\/p>\n<p align=\"justify\"><span style=\"font-family: Avenir Light, serif\"><span style=\"font-size: small\"><span style=\"color: #000000\"><span style=\"font-family: Arial, sans-serif\"><span style=\"font-size: medium\"><span lang=\"zxx\">-Aplicant <\/span><\/span><\/span><\/span><\/span><\/span><span style=\"font-family: Avenir Light, serif\"><span style=\"font-size: small\"><span style=\"color: #000000\"><span style=\"font-family: Arial, sans-serif\"><span style=\"font-size: medium\"><span lang=\"zxx\"><i><b>Abundance<\/b><\/i><\/span><\/span><\/span><\/span><\/span><\/span><span style=\"font-family: Avenir Light, serif\"><span style=\"font-size: small\"><span style=\"color: #000000\"><span style=\"font-family: Arial, sans-serif\"><span style=\"font-size: medium\"><span lang=\"zxx\"> en cada un dels chakres, ens ajudar\u00e0 a augmentar la freq\u00fc\u00e8ncia vibrat\u00f2ria de cada un d&#8217;ells i connectar amb la capacitat emocional que cada un genera.<\/span><\/span><\/span><\/span><\/span><\/span><\/p>\n<h4 style=\"text-align: center\" align=\"justify\"><em><span style=\"color: #000000\"><span style=\"font-family: Arial, sans-serif\"><span style=\"font-size: medium\"><span lang=\"zxx\">I<\/span><span lang=\"zxx\"> la <\/span><span lang=\"zxx\">se<\/span><span lang=\"zxx\">t<\/span><span lang=\"zxx\">mana <\/span><span lang=\"zxx\">vinent<\/span> <span lang=\"zxx\">seguim <\/span><span lang=\"zxx\">amb<\/span> <span lang=\"zxx\">&#8230;. Prosperitat<\/span><span lang=\"zxx\"><b>!<\/b><\/span><\/span><\/span><\/span><\/em><\/h4>\n<p style=\"text-align: right\"><strong><b>Amb tot el meu amo<\/b>r \u2665&#8230; <\/strong><strong>Sarah Balat<\/strong><\/p>\n<p>&nbsp;<\/p>\n<p>[\/vc_column_text][\/vc_column][\/vc_row]<\/p>\n<\/div>","protected":false},"excerpt":{"rendered":"<p>No tots tenim el mateix concepte sobre el que \u00e9s la Prosperitat. Encara que si que tots solem coincidir que desitgem que ens vagi el millor possible en relaci\u00f3 als diners, la salut, el treball, les relacions &#8230;, \u00e9s a dir, en totes les facetes de les nostres vides. Recorda que l&#8217;actitud davant la vida \u00e9s molt important per a generar que les coses succeeixin d&#8217;una manera o altra. Aix\u00ed doncs, pensar en positiu i creure&#8217;t de veritat que mereixes tota l&#8217;abund\u00e0ncia que la vida t\u00e9 per a tu, \u00e9s un punt molt positiu en aquest proc\u00e9s. Obre&#8217;t a rebre i agrair els regals que la vida t\u00e9 per a tu.<\/p>\n","protected":false},"author":2,"featured_media":987,"comment_status":"open","ping_status":"open","sticky":false,"template":"","format":"standard","meta":{"footnotes":""},"categories":[28],"tags":[],"class_list":["post-976","post","type-post","status-publish","format-standard","has-post-thumbnail","hentry","category-bagua-i-olis-essencials"],"yoast_head":"<!-- This site is optimized with the Yoast SEO plugin v27.4 - https:\/\/yoast.com\/product\/yoast-seo-wordpress\/ -->\n<title>El Bagua i els Olis Essencials a la teva llar: Prosperitat - Armonizarte con Feng Shui, by Sarah Balat<\/title>\n<meta name=\"description\" content=\"No tots tenim el mateix concepte sobre el que \u00e9s la Prosperitat. Encara que si que tots solem coincidir que desitgem que ens vagi el millor possible en relaci\u00f3 als diners, la salut, el treball, les relacions ..., \u00e9s a dir, en totes les facetes de les nostres vides. Recorda que l&#039;actitud davant la vida \u00e9s molt important per a generar que les coses succeeixin d&#039;una manera o altra. Aix\u00ed doncs, pensar en positiu i creure&#039;t de veritat que mereixes tota l&#039;abund\u00e0ncia que la vida t\u00e9 per a tu, \u00e9s un punt molt positiu en aquest proc\u00e9s. Obre&#039;t a rebre i agrair els regals que la vida t\u00e9 per a tu.\" \/>\n<meta name=\"robots\" content=\"index, follow, max-snippet:-1, max-image-preview:large, max-video-preview:-1\" \/>\n<link rel=\"canonical\" href=\"https:\/\/www.armonizarteconfengshui.com\/ca\/el-bagua-i-els-olis-essencial-s-a-la-teva-llar-prosperitat\/\" \/>\n<meta property=\"og:locale\" content=\"ca_ES\" \/>\n<meta property=\"og:type\" content=\"article\" \/>\n<meta property=\"og:title\" content=\"El Bagua i els Olis Essencials a la teva llar: Prosperitat - Armonizarte con Feng Shui, by Sarah Balat\" \/>\n<meta property=\"og:description\" content=\"No tots tenim el mateix concepte sobre el que \u00e9s la Prosperitat. Encara que si que tots solem coincidir que desitgem que ens vagi el millor possible en relaci\u00f3 als diners, la salut, el treball, les relacions ..., \u00e9s a dir, en totes les facetes de les nostres vides. Recorda que l&#039;actitud davant la vida \u00e9s molt important per a generar que les coses succeeixin d&#039;una manera o altra. Aix\u00ed doncs, pensar en positiu i creure&#039;t de veritat que mereixes tota l&#039;abund\u00e0ncia que la vida t\u00e9 per a tu, \u00e9s un punt molt positiu en aquest proc\u00e9s. Obre&#039;t a rebre i agrair els regals que la vida t\u00e9 per a tu.\" \/>\n<meta property=\"og:url\" content=\"https:\/\/www.armonizarteconfengshui.com\/ca\/el-bagua-i-els-olis-essencial-s-a-la-teva-llar-prosperitat\/\" \/>\n<meta property=\"og:site_name\" content=\"Armonizarte con Feng Shui, by Sarah Balat\" \/>\n<meta property=\"article:publisher\" content=\"https:\/\/www.facebook.com\/armonizarteconfengshui\/\" \/>\n<meta property=\"article:published_time\" content=\"2020-06-22T09:00:30+00:00\" \/>\n<meta property=\"article:modified_time\" content=\"2020-06-22T09:15:02+00:00\" \/>\n<meta property=\"og:image\" content=\"https:\/\/www.armonizarteconfengshui.com\/wp-content\/uploads\/2020\/06\/Portada-Prosperidad.jpg\" \/>\n\t<meta property=\"og:image:width\" content=\"1920\" \/>\n\t<meta property=\"og:image:height\" content=\"1280\" \/>\n\t<meta property=\"og:image:type\" content=\"image\/jpeg\" \/>\n<meta name=\"author\" content=\"Sarah Balat Mendoza\" \/>\n<meta name=\"twitter:card\" content=\"summary_large_image\" \/>\n<meta name=\"twitter:label1\" content=\"Escrit per\" \/>\n\t<meta name=\"twitter:data1\" content=\"Sarah Balat Mendoza\" \/>\n\t<meta name=\"twitter:label2\" content=\"Temps estimat de lectura\" \/>\n\t<meta name=\"twitter:data2\" content=\"6 minuts\" \/>\n<script type=\"application\/ld+json\" class=\"yoast-schema-graph\">{\"@context\":\"https:\\\/\\\/schema.org\",\"@graph\":[{\"@type\":\"Article\",\"@id\":\"https:\\\/\\\/www.armonizarteconfengshui.com\\\/ca\\\/el-bagua-i-els-olis-essencial-s-a-la-teva-llar-prosperitat\\\/#article\",\"isPartOf\":{\"@id\":\"https:\\\/\\\/www.armonizarteconfengshui.com\\\/ca\\\/el-bagua-i-els-olis-essencial-s-a-la-teva-llar-prosperitat\\\/\"},\"author\":{\"name\":\"Sarah Balat Mendoza\",\"@id\":\"https:\\\/\\\/www.armonizarteconfengshui.com\\\/ca\\\/#\\\/schema\\\/person\\\/c584b8755f8973645ae42ddadce3e20d\"},\"headline\":\"El Bagua i els Olis Essencials a la teva llar: Prosperitat\",\"datePublished\":\"2020-06-22T09:00:30+00:00\",\"dateModified\":\"2020-06-22T09:15:02+00:00\",\"mainEntityOfPage\":{\"@id\":\"https:\\\/\\\/www.armonizarteconfengshui.com\\\/ca\\\/el-bagua-i-els-olis-essencial-s-a-la-teva-llar-prosperitat\\\/\"},\"wordCount\":1253,\"commentCount\":0,\"image\":{\"@id\":\"https:\\\/\\\/www.armonizarteconfengshui.com\\\/ca\\\/el-bagua-i-els-olis-essencial-s-a-la-teva-llar-prosperitat\\\/#primaryimage\"},\"thumbnailUrl\":\"https:\\\/\\\/www.armonizarteconfengshui.com\\\/wp-content\\\/uploads\\\/2020\\\/06\\\/Portada-Prosperidad.jpg\",\"articleSection\":[\"Bagua i Olis Essencials\"],\"inLanguage\":\"ca\",\"potentialAction\":[{\"@type\":\"CommentAction\",\"name\":\"Comment\",\"target\":[\"https:\\\/\\\/www.armonizarteconfengshui.com\\\/ca\\\/el-bagua-i-els-olis-essencial-s-a-la-teva-llar-prosperitat\\\/#respond\"]}]},{\"@type\":\"WebPage\",\"@id\":\"https:\\\/\\\/www.armonizarteconfengshui.com\\\/ca\\\/el-bagua-i-els-olis-essencial-s-a-la-teva-llar-prosperitat\\\/\",\"url\":\"https:\\\/\\\/www.armonizarteconfengshui.com\\\/ca\\\/el-bagua-i-els-olis-essencial-s-a-la-teva-llar-prosperitat\\\/\",\"name\":\"El Bagua i els Olis Essencials a la teva llar: Prosperitat - Armonizarte con Feng Shui, by Sarah Balat\",\"isPartOf\":{\"@id\":\"https:\\\/\\\/www.armonizarteconfengshui.com\\\/ca\\\/#website\"},\"primaryImageOfPage\":{\"@id\":\"https:\\\/\\\/www.armonizarteconfengshui.com\\\/ca\\\/el-bagua-i-els-olis-essencial-s-a-la-teva-llar-prosperitat\\\/#primaryimage\"},\"image\":{\"@id\":\"https:\\\/\\\/www.armonizarteconfengshui.com\\\/ca\\\/el-bagua-i-els-olis-essencial-s-a-la-teva-llar-prosperitat\\\/#primaryimage\"},\"thumbnailUrl\":\"https:\\\/\\\/www.armonizarteconfengshui.com\\\/wp-content\\\/uploads\\\/2020\\\/06\\\/Portada-Prosperidad.jpg\",\"datePublished\":\"2020-06-22T09:00:30+00:00\",\"dateModified\":\"2020-06-22T09:15:02+00:00\",\"author\":{\"@id\":\"https:\\\/\\\/www.armonizarteconfengshui.com\\\/ca\\\/#\\\/schema\\\/person\\\/c584b8755f8973645ae42ddadce3e20d\"},\"description\":\"No tots tenim el mateix concepte sobre el que \u00e9s la Prosperitat. Encara que si que tots solem coincidir que desitgem que ens vagi el millor possible en relaci\u00f3 als diners, la salut, el treball, les relacions ..., \u00e9s a dir, en totes les facetes de les nostres vides. Recorda que l'actitud davant la vida \u00e9s molt important per a generar que les coses succeeixin d'una manera o altra. Aix\u00ed doncs, pensar en positiu i creure't de veritat que mereixes tota l'abund\u00e0ncia que la vida t\u00e9 per a tu, \u00e9s un punt molt positiu en aquest proc\u00e9s. Obre't a rebre i agrair els regals que la vida t\u00e9 per a tu.\",\"breadcrumb\":{\"@id\":\"https:\\\/\\\/www.armonizarteconfengshui.com\\\/ca\\\/el-bagua-i-els-olis-essencial-s-a-la-teva-llar-prosperitat\\\/#breadcrumb\"},\"inLanguage\":\"ca\",\"potentialAction\":[{\"@type\":\"ReadAction\",\"target\":[\"https:\\\/\\\/www.armonizarteconfengshui.com\\\/ca\\\/el-bagua-i-els-olis-essencial-s-a-la-teva-llar-prosperitat\\\/\"]}]},{\"@type\":\"ImageObject\",\"inLanguage\":\"ca\",\"@id\":\"https:\\\/\\\/www.armonizarteconfengshui.com\\\/ca\\\/el-bagua-i-els-olis-essencial-s-a-la-teva-llar-prosperitat\\\/#primaryimage\",\"url\":\"https:\\\/\\\/www.armonizarteconfengshui.com\\\/wp-content\\\/uploads\\\/2020\\\/06\\\/Portada-Prosperidad.jpg\",\"contentUrl\":\"https:\\\/\\\/www.armonizarteconfengshui.com\\\/wp-content\\\/uploads\\\/2020\\\/06\\\/Portada-Prosperidad.jpg\",\"width\":1920,\"height\":1280},{\"@type\":\"BreadcrumbList\",\"@id\":\"https:\\\/\\\/www.armonizarteconfengshui.com\\\/ca\\\/el-bagua-i-els-olis-essencial-s-a-la-teva-llar-prosperitat\\\/#breadcrumb\",\"itemListElement\":[{\"@type\":\"ListItem\",\"position\":1,\"name\":\"Portada\",\"item\":\"https:\\\/\\\/www.armonizarteconfengshui.com\\\/ca\\\/\"},{\"@type\":\"ListItem\",\"position\":2,\"name\":\"El Bagua i els Olis Essencials a la teva llar: Prosperitat\"}]},{\"@type\":\"WebSite\",\"@id\":\"https:\\\/\\\/www.armonizarteconfengshui.com\\\/ca\\\/#website\",\"url\":\"https:\\\/\\\/www.armonizarteconfengshui.com\\\/ca\\\/\",\"name\":\"Armonizarte con Feng Shui, by Sarah Balat\",\"description\":\"Armoniza tu vida, armonizando tu espacio\",\"potentialAction\":[{\"@type\":\"SearchAction\",\"target\":{\"@type\":\"EntryPoint\",\"urlTemplate\":\"https:\\\/\\\/www.armonizarteconfengshui.com\\\/ca\\\/?s={search_term_string}\"},\"query-input\":{\"@type\":\"PropertyValueSpecification\",\"valueRequired\":true,\"valueName\":\"search_term_string\"}}],\"inLanguage\":\"ca\"},{\"@type\":\"Person\",\"@id\":\"https:\\\/\\\/www.armonizarteconfengshui.com\\\/ca\\\/#\\\/schema\\\/person\\\/c584b8755f8973645ae42ddadce3e20d\",\"name\":\"Sarah Balat Mendoza\",\"image\":{\"@type\":\"ImageObject\",\"inLanguage\":\"ca\",\"@id\":\"https:\\\/\\\/secure.gravatar.com\\\/avatar\\\/7ea941209c8f97568b64cc9342c46bdc9856945c1e73ba413293b8c4a731aef4?s=96&d=mm&r=g\",\"url\":\"https:\\\/\\\/secure.gravatar.com\\\/avatar\\\/7ea941209c8f97568b64cc9342c46bdc9856945c1e73ba413293b8c4a731aef4?s=96&d=mm&r=g\",\"contentUrl\":\"https:\\\/\\\/secure.gravatar.com\\\/avatar\\\/7ea941209c8f97568b64cc9342c46bdc9856945c1e73ba413293b8c4a731aef4?s=96&d=mm&r=g\",\"caption\":\"Sarah Balat Mendoza\"},\"sameAs\":[\"https:\\\/\\\/www.armonizarteconfengshui.com\\\/\"],\"url\":\"https:\\\/\\\/www.armonizarteconfengshui.com\\\/ca\\\/author\\\/sarah-admin\\\/\"}]}<\/script>\n<!-- \/ Yoast SEO plugin. -->","yoast_head_json":{"title":"El Bagua i els Olis Essencials a la teva llar: Prosperitat - Armonizarte con Feng Shui, by Sarah Balat","description":"No tots tenim el mateix concepte sobre el que \u00e9s la Prosperitat. Encara que si que tots solem coincidir que desitgem que ens vagi el millor possible en relaci\u00f3 als diners, la salut, el treball, les relacions ..., \u00e9s a dir, en totes les facetes de les nostres vides. Recorda que l'actitud davant la vida \u00e9s molt important per a generar que les coses succeeixin d'una manera o altra. Aix\u00ed doncs, pensar en positiu i creure't de veritat que mereixes tota l'abund\u00e0ncia que la vida t\u00e9 per a tu, \u00e9s un punt molt positiu en aquest proc\u00e9s. Obre't a rebre i agrair els regals que la vida t\u00e9 per a tu.","robots":{"index":"index","follow":"follow","max-snippet":"max-snippet:-1","max-image-preview":"max-image-preview:large","max-video-preview":"max-video-preview:-1"},"canonical":"https:\/\/www.armonizarteconfengshui.com\/ca\/el-bagua-i-els-olis-essencial-s-a-la-teva-llar-prosperitat\/","og_locale":"ca_ES","og_type":"article","og_title":"El Bagua i els Olis Essencials a la teva llar: Prosperitat - Armonizarte con Feng Shui, by Sarah Balat","og_description":"No tots tenim el mateix concepte sobre el que \u00e9s la Prosperitat. Encara que si que tots solem coincidir que desitgem que ens vagi el millor possible en relaci\u00f3 als diners, la salut, el treball, les relacions ..., \u00e9s a dir, en totes les facetes de les nostres vides. Recorda que l'actitud davant la vida \u00e9s molt important per a generar que les coses succeeixin d'una manera o altra. Aix\u00ed doncs, pensar en positiu i creure't de veritat que mereixes tota l'abund\u00e0ncia que la vida t\u00e9 per a tu, \u00e9s un punt molt positiu en aquest proc\u00e9s. Obre't a rebre i agrair els regals que la vida t\u00e9 per a tu.","og_url":"https:\/\/www.armonizarteconfengshui.com\/ca\/el-bagua-i-els-olis-essencial-s-a-la-teva-llar-prosperitat\/","og_site_name":"Armonizarte con Feng Shui, by Sarah Balat","article_publisher":"https:\/\/www.facebook.com\/armonizarteconfengshui\/","article_published_time":"2020-06-22T09:00:30+00:00","article_modified_time":"2020-06-22T09:15:02+00:00","og_image":[{"width":1920,"height":1280,"url":"https:\/\/www.armonizarteconfengshui.com\/wp-content\/uploads\/2020\/06\/Portada-Prosperidad.jpg","type":"image\/jpeg"}],"author":"Sarah Balat Mendoza","twitter_card":"summary_large_image","twitter_misc":{"Escrit per":"Sarah Balat Mendoza","Temps estimat de lectura":"6 minuts"},"schema":{"@context":"https:\/\/schema.org","@graph":[{"@type":"Article","@id":"https:\/\/www.armonizarteconfengshui.com\/ca\/el-bagua-i-els-olis-essencial-s-a-la-teva-llar-prosperitat\/#article","isPartOf":{"@id":"https:\/\/www.armonizarteconfengshui.com\/ca\/el-bagua-i-els-olis-essencial-s-a-la-teva-llar-prosperitat\/"},"author":{"name":"Sarah Balat Mendoza","@id":"https:\/\/www.armonizarteconfengshui.com\/ca\/#\/schema\/person\/c584b8755f8973645ae42ddadce3e20d"},"headline":"El Bagua i els Olis Essencials a la teva llar: Prosperitat","datePublished":"2020-06-22T09:00:30+00:00","dateModified":"2020-06-22T09:15:02+00:00","mainEntityOfPage":{"@id":"https:\/\/www.armonizarteconfengshui.com\/ca\/el-bagua-i-els-olis-essencial-s-a-la-teva-llar-prosperitat\/"},"wordCount":1253,"commentCount":0,"image":{"@id":"https:\/\/www.armonizarteconfengshui.com\/ca\/el-bagua-i-els-olis-essencial-s-a-la-teva-llar-prosperitat\/#primaryimage"},"thumbnailUrl":"https:\/\/www.armonizarteconfengshui.com\/wp-content\/uploads\/2020\/06\/Portada-Prosperidad.jpg","articleSection":["Bagua i Olis Essencials"],"inLanguage":"ca","potentialAction":[{"@type":"CommentAction","name":"Comment","target":["https:\/\/www.armonizarteconfengshui.com\/ca\/el-bagua-i-els-olis-essencial-s-a-la-teva-llar-prosperitat\/#respond"]}]},{"@type":"WebPage","@id":"https:\/\/www.armonizarteconfengshui.com\/ca\/el-bagua-i-els-olis-essencial-s-a-la-teva-llar-prosperitat\/","url":"https:\/\/www.armonizarteconfengshui.com\/ca\/el-bagua-i-els-olis-essencial-s-a-la-teva-llar-prosperitat\/","name":"El Bagua i els Olis Essencials a la teva llar: Prosperitat - Armonizarte con Feng Shui, by Sarah Balat","isPartOf":{"@id":"https:\/\/www.armonizarteconfengshui.com\/ca\/#website"},"primaryImageOfPage":{"@id":"https:\/\/www.armonizarteconfengshui.com\/ca\/el-bagua-i-els-olis-essencial-s-a-la-teva-llar-prosperitat\/#primaryimage"},"image":{"@id":"https:\/\/www.armonizarteconfengshui.com\/ca\/el-bagua-i-els-olis-essencial-s-a-la-teva-llar-prosperitat\/#primaryimage"},"thumbnailUrl":"https:\/\/www.armonizarteconfengshui.com\/wp-content\/uploads\/2020\/06\/Portada-Prosperidad.jpg","datePublished":"2020-06-22T09:00:30+00:00","dateModified":"2020-06-22T09:15:02+00:00","author":{"@id":"https:\/\/www.armonizarteconfengshui.com\/ca\/#\/schema\/person\/c584b8755f8973645ae42ddadce3e20d"},"description":"No tots tenim el mateix concepte sobre el que \u00e9s la Prosperitat. Encara que si que tots solem coincidir que desitgem que ens vagi el millor possible en relaci\u00f3 als diners, la salut, el treball, les relacions ..., \u00e9s a dir, en totes les facetes de les nostres vides. Recorda que l'actitud davant la vida \u00e9s molt important per a generar que les coses succeeixin d'una manera o altra. Aix\u00ed doncs, pensar en positiu i creure't de veritat que mereixes tota l'abund\u00e0ncia que la vida t\u00e9 per a tu, \u00e9s un punt molt positiu en aquest proc\u00e9s. Obre't a rebre i agrair els regals que la vida t\u00e9 per a tu.","breadcrumb":{"@id":"https:\/\/www.armonizarteconfengshui.com\/ca\/el-bagua-i-els-olis-essencial-s-a-la-teva-llar-prosperitat\/#breadcrumb"},"inLanguage":"ca","potentialAction":[{"@type":"ReadAction","target":["https:\/\/www.armonizarteconfengshui.com\/ca\/el-bagua-i-els-olis-essencial-s-a-la-teva-llar-prosperitat\/"]}]},{"@type":"ImageObject","inLanguage":"ca","@id":"https:\/\/www.armonizarteconfengshui.com\/ca\/el-bagua-i-els-olis-essencial-s-a-la-teva-llar-prosperitat\/#primaryimage","url":"https:\/\/www.armonizarteconfengshui.com\/wp-content\/uploads\/2020\/06\/Portada-Prosperidad.jpg","contentUrl":"https:\/\/www.armonizarteconfengshui.com\/wp-content\/uploads\/2020\/06\/Portada-Prosperidad.jpg","width":1920,"height":1280},{"@type":"BreadcrumbList","@id":"https:\/\/www.armonizarteconfengshui.com\/ca\/el-bagua-i-els-olis-essencial-s-a-la-teva-llar-prosperitat\/#breadcrumb","itemListElement":[{"@type":"ListItem","position":1,"name":"Portada","item":"https:\/\/www.armonizarteconfengshui.com\/ca\/"},{"@type":"ListItem","position":2,"name":"El Bagua i els Olis Essencials a la teva llar: Prosperitat"}]},{"@type":"WebSite","@id":"https:\/\/www.armonizarteconfengshui.com\/ca\/#website","url":"https:\/\/www.armonizarteconfengshui.com\/ca\/","name":"Armonizarte con Feng Shui, by Sarah Balat","description":"Armoniza tu vida, armonizando tu espacio","potentialAction":[{"@type":"SearchAction","target":{"@type":"EntryPoint","urlTemplate":"https:\/\/www.armonizarteconfengshui.com\/ca\/?s={search_term_string}"},"query-input":{"@type":"PropertyValueSpecification","valueRequired":true,"valueName":"search_term_string"}}],"inLanguage":"ca"},{"@type":"Person","@id":"https:\/\/www.armonizarteconfengshui.com\/ca\/#\/schema\/person\/c584b8755f8973645ae42ddadce3e20d","name":"Sarah Balat Mendoza","image":{"@type":"ImageObject","inLanguage":"ca","@id":"https:\/\/secure.gravatar.com\/avatar\/7ea941209c8f97568b64cc9342c46bdc9856945c1e73ba413293b8c4a731aef4?s=96&d=mm&r=g","url":"https:\/\/secure.gravatar.com\/avatar\/7ea941209c8f97568b64cc9342c46bdc9856945c1e73ba413293b8c4a731aef4?s=96&d=mm&r=g","contentUrl":"https:\/\/secure.gravatar.com\/avatar\/7ea941209c8f97568b64cc9342c46bdc9856945c1e73ba413293b8c4a731aef4?s=96&d=mm&r=g","caption":"Sarah Balat Mendoza"},"sameAs":["https:\/\/www.armonizarteconfengshui.com\/"],"url":"https:\/\/www.armonizarteconfengshui.com\/ca\/author\/sarah-admin\/"}]}},"_links":{"self":[{"href":"https:\/\/www.armonizarteconfengshui.com\/ca\/wp-json\/wp\/v2\/posts\/976","targetHints":{"allow":["GET"]}}],"collection":[{"href":"https:\/\/www.armonizarteconfengshui.com\/ca\/wp-json\/wp\/v2\/posts"}],"about":[{"href":"https:\/\/www.armonizarteconfengshui.com\/ca\/wp-json\/wp\/v2\/types\/post"}],"author":[{"embeddable":true,"href":"https:\/\/www.armonizarteconfengshui.com\/ca\/wp-json\/wp\/v2\/users\/2"}],"replies":[{"embeddable":true,"href":"https:\/\/www.armonizarteconfengshui.com\/ca\/wp-json\/wp\/v2\/comments?post=976"}],"version-history":[{"count":6,"href":"https:\/\/www.armonizarteconfengshui.com\/ca\/wp-json\/wp\/v2\/posts\/976\/revisions"}],"predecessor-version":[{"id":998,"href":"https:\/\/www.armonizarteconfengshui.com\/ca\/wp-json\/wp\/v2\/posts\/976\/revisions\/998"}],"wp:featuredmedia":[{"embeddable":true,"href":"https:\/\/www.armonizarteconfengshui.com\/ca\/wp-json\/wp\/v2\/media\/987"}],"wp:attachment":[{"href":"https:\/\/www.armonizarteconfengshui.com\/ca\/wp-json\/wp\/v2\/media?parent=976"}],"wp:term":[{"taxonomy":"category","embeddable":true,"href":"https:\/\/www.armonizarteconfengshui.com\/ca\/wp-json\/wp\/v2\/categories?post=976"},{"taxonomy":"post_tag","embeddable":true,"href":"https:\/\/www.armonizarteconfengshui.com\/ca\/wp-json\/wp\/v2\/tags?post=976"}],"curies":[{"name":"wp","href":"https:\/\/api.w.org\/{rel}","templated":true}]}}